{"id":127436,"date":"2021-09-18T13:08:59","date_gmt":"2021-09-18T17:08:59","guid":{"rendered":"https:\/\/linitiative.ca\/International\/2-291-nouveaux-cas-pres-de-21-millions-de-primo-vaccines\/"},"modified":"2021-09-18T13:08:59","modified_gmt":"2021-09-18T17:08:59","slug":"2-291-nouveaux-cas-pres-de-21-millions-de-primo-vaccines","status":"publish","type":"post","link":"https:\/\/linitiative.ca\/International\/2-291-nouveaux-cas-pres-de-21-millions-de-primo-vaccines\/","title":{"rendered":"2.291 nouveaux cas, pr\u00e8s de 21 millions de primo-vaccin\u00e9s"},"content":{"rendered":"<div>\n<div style=\"margin-bottom:20px;\"><img loading=\"lazy\" decoding=\"async\" width=\"750\" height=\"430\" src=\"https:\/\/linitiative.ca\/International\/wp-content\/uploads\/sites\/23\/2021\/09\/cov-fr-8.jpg\" class=\"attachment-post-thumbnail size-post-thumbnail wp-post-image\" alt=\"\" srcset=\"https:\/\/linitiative.ca\/International\/wp-content\/uploads\/sites\/23\/2021\/09\/cov-fr-8.jpg 750w, http:\/\/www.mapmarrakech.ma\/map\/uploads\/2021\/09\/cov-fr-8-300x172.jpg 300w\" sizes=\"auto, (max-width: 750px) 100vw, 750px\"><\/div>\n<p>Le nombre de primo-vaccin\u00e9s a atteint 20.990.007 et celui des personnes compl\u00e8tement vaccin\u00e9es (1\u00e8re et 2\u00e8me doses) s\u2019\u00e9l\u00e8ve d\u00e9sormais \u00e0 17.410.792, a pr\u00e9cis\u00e9 le minist\u00e8re dans son bulletin quotidien sur la situation \u00e9pid\u00e9miologique Covid-19.<\/p>\n<p>Le nouveau bilan des cas positifs porte \u00e0 918.126 le nombre total des contaminations depuis le premier cas signal\u00e9 au Maroc en mars 2020. Le nombre des personnes r\u00e9tablies est pass\u00e9 \u00e0 880.091, soit un taux de gu\u00e9rison de 95,9%.<\/p>\n<p>Les nouvelles contaminations ont \u00e9t\u00e9 recens\u00e9es dans les r\u00e9gions de Rabat-Sal\u00e9-K\u00e9nitra (810), Casablanca-Settat (725), Tanger-T\u00e9touan-Al Hoceima (224), l\u2019Oriental (135), Marrakech-Safi (90), F\u00e8s-Mekn\u00e8s (89), B\u00e9ni Mellal-Kh\u00e9nifra (62), Souss-Massa (53), Dakhla-Oued Eddahab (35) La\u00e2youne-Sakia-El Hamra (29), Dr\u00e2a-Tafilalet (23) et Guelmim-Oued Noun (16).<\/p>\n<p>Quant aux d\u00e9c\u00e8s, leur nombre total est pass\u00e9 \u00e0 13.876 (l\u00e9talit\u00e9 1,5%), avec 48 nouveaux cas enregistr\u00e9s dans les r\u00e9gions de Casablanca-Settat (14), Rabat-Sal\u00e9-K\u00e9nitra (10), l\u2019Oriental (7), F\u00e8s-Mekn\u00e8s (5), B\u00e9ni Mellal-Kh\u00e9nifra (4), Marrakech-Safi (4), Dr\u00e2a-Tafilalet (3) et Souss-Massa (1).<\/p>\n<p>Les cas actifs sont au nombre de 24.159, tandis que les cas s\u00e9v\u00e8res ou critiques ont atteint 1.432, dont 41 plac\u00e9s sous intubation.<\/p>\n<p>The post <a rel=\"nofollow\" href=\"http:\/\/www.mapmarrakech.ma\/fr\/2-291-nouveaux-cas-pres-de-21-millions-de-primo-vaccines\/\">2.291 nouveaux cas, pr\u00e8s de 21 millions de primo-vaccin\u00e9s<\/a> appeared first on <a rel=\"nofollow\" href=\"http:\/\/www.mapmarrakech.ma\/fr\">MapMarrakech<\/a>.<\/p>\n<\/div>\n<p>Auteur: Meriem IGASS<br \/>\n<a href=\"http:\/\/www.mapmarrakech.ma\/fr\/2-291-nouveaux-cas-pres-de-21-millions-de-primo-vaccines\/\">Cliquez ici pour lire l&rsquo;article depuis sa source.<\/a><\/p>\n","protected":false},"excerpt":{"rendered":"<p>Le nombre de primo-vaccin\u00e9s a atteint 20.990.007 et celui des personnes compl\u00e8tement vaccin\u00e9es (1\u00e8re et 2\u00e8me doses) s\u2019\u00e9l\u00e8ve d\u00e9sormais \u00e0 17.410.792, a pr\u00e9cis\u00e9 le minist\u00e8re dans son bulletin quotidien sur la situation \u00e9pid\u00e9miologique Covid-19. Le nouveau bilan des cas positifs porte \u00e0 918.126 le nombre total des contaminations depuis le premier cas signal\u00e9 au Maroc [&hellip;]<\/p>\n","protected":false},"author":1788,"featured_media":0,"comment_status":"closed","ping_status":"closed","sticky":false,"template":"","format":"standard","meta":{"fifu_image_url":"http:\/\/www.mapmarrakech.ma\/map\/uploads\/2021\/09\/cov-fr-8.jpg","fifu_image_alt":"2.291 nouveaux cas, pr\u00e8s de 21 millions de primo-vaccin\u00e9s","footnotes":""},"categories":[54,76],"tags":[],"class_list":["post-127436","post","type-post","status-publish","format-standard","hentry","category-maroc","category-regions"],"_links":{"self":[{"href":"https:\/\/linitiative.ca\/International\/wp-json\/wp\/v2\/posts\/127436","targetHints":{"allow":["GET"]}}],"collection":[{"href":"https:\/\/linitiative.ca\/International\/wp-json\/wp\/v2\/posts"}],"about":[{"href":"https:\/\/linitiative.ca\/International\/wp-json\/wp\/v2\/types\/post"}],"author":[{"embeddable":true,"href":"https:\/\/linitiative.ca\/International\/wp-json\/wp\/v2\/users\/1788"}],"replies":[{"embeddable":true,"href":"https:\/\/linitiative.ca\/International\/wp-json\/wp\/v2\/comments?post=127436"}],"version-history":[{"count":0,"href":"https:\/\/linitiative.ca\/International\/wp-json\/wp\/v2\/posts\/127436\/revisions"}],"wp:attachment":[{"href":"https:\/\/linitiative.ca\/International\/wp-json\/wp\/v2\/media?parent=127436"}],"wp:term":[{"taxonomy":"category","embeddable":true,"href":"https:\/\/linitiative.ca\/International\/wp-json\/wp\/v2\/categories?post=127436"},{"taxonomy":"post_tag","embeddable":true,"href":"https:\/\/linitiative.ca\/International\/wp-json\/wp\/v2\/tags?post=127436"}],"curies":[{"name":"wp","href":"https:\/\/api.w.org\/{rel}","templated":true}]}}