{"id":127438,"date":"2021-09-18T08:16:48","date_gmt":"2021-09-18T12:16:48","guid":{"rendered":"https:\/\/linitiative.ca\/International\/abdenbi-bioui-reelu-president-du-conseil-de-la-region-de-loriental\/"},"modified":"2021-09-18T08:16:48","modified_gmt":"2021-09-18T12:16:48","slug":"abdenbi-bioui-reelu-president-du-conseil-de-la-region-de-loriental","status":"publish","type":"post","link":"https:\/\/linitiative.ca\/International\/abdenbi-bioui-reelu-president-du-conseil-de-la-region-de-loriental\/","title":{"rendered":"Abdenbi Bioui r\u00e9\u00e9lu pr\u00e9sident du Conseil de la r\u00e9gion de l\u2019Oriental"},"content":{"rendered":"<div>\n<div style=\"margin-bottom:20px;\"><img loading=\"lazy\" decoding=\"async\" width=\"750\" height=\"430\" src=\"https:\/\/linitiative.ca\/International\/wp-content\/uploads\/sites\/23\/2021\/09\/abdenbi_bioui_president_conseil_region_oriental.jpg\" class=\"attachment-post-thumbnail size-post-thumbnail wp-post-image\" alt=\"\" srcset=\"https:\/\/linitiative.ca\/International\/wp-content\/uploads\/sites\/23\/2021\/09\/abdenbi_bioui_president_conseil_region_oriental.jpg 750w, http:\/\/www.mapoujda.ma\/map\/uploads\/2021\/09\/abdenbi_bioui_president_conseil_region_oriental-300x172.jpg 300w\" sizes=\"auto, (max-width: 750px) 100vw, 750px\"><\/div>\n<div>\n<p style=\"text-align: justify;\">Abdenbi Bioui, du Parti Authenticit\u00e9 et Modernit\u00e9 (PAM), a \u00e9t\u00e9 r\u00e9\u00e9lu, samedi \u00e0 Oujda, pr\u00e9sident du Conseil de la r\u00e9gion de l\u2019Oriental (CRO).<\/p>\n<p style=\"text-align: justify;\">Seul candidat \u00e0 la pr\u00e9sidence, M. Bioui a \u00e9t\u00e9 r\u00e9\u00e9lu \u00e0 la majorit\u00e9 absolue, en obtenant les voix de 49 membres sur les 51 que compte le CRO, lors d\u2019une session pl\u00e9ni\u00e8re destin\u00e9e \u00e0 l\u2019\u00e9lection du pr\u00e9sident et du bureau du Conseil, tenue en pr\u00e9sence des repr\u00e9sentants des autorit\u00e9s locales.<\/p>\n<p style=\"text-align: justify;\">La session a connu aussi l\u2019\u00e9lection des sept vice-pr\u00e9sidents du CRO et du secr\u00e9taire du Conseil et son adjoint.<\/p>\n<p style=\"text-align: justify;\">Le PAM est arriv\u00e9 deuxi\u00e8me \u00e0 l\u2019issue des \u00e9lections r\u00e9gionales du 8 septembre dans la r\u00e9gion de l\u2019Oriental, en obtenant 16 si\u00e8ges, juste derri\u00e8re le Rassemblement National des Ind\u00e9pendants (RNI), qui a remport\u00e9 17 si\u00e8ges, et devant le Parti de l\u2019Istiqlal qui a d\u00e9croch\u00e9 12 si\u00e8ges.<\/p>\n<p style=\"text-align: justify;\">Le Parti du Progr\u00e8s et du Socialisme (PPS) et l\u2019Union Socialiste des Forces Populaires (USFP) ont obtenu deux si\u00e8ges chacun, alors que le Mouvement Populaire (MP) et le Parti Justice et D\u00e9veloppement (PJD) ont d\u00e9croch\u00e9 un si\u00e8ge chacun.<\/p>\n<p style=\"text-align: justify;\">Le CRO compte un total de 51 si\u00e8ges, dont 20 r\u00e9serv\u00e9s aux femmes.<\/p>\n<\/div>\n<p>L\u2019article <a rel=\"nofollow\" href=\"http:\/\/www.mapoujda.ma\/fr\/abdenbi-bioui-reelu-president-du-conseil-de-la-region-de-loriental\/\">Abdenbi Bioui r\u00e9\u00e9lu pr\u00e9sident du Conseil de la r\u00e9gion de l\u2019Oriental<\/a> est apparu en premier sur <a rel=\"nofollow\" href=\"http:\/\/www.mapoujda.ma\/fr\">MapOujda<\/a>.<\/p>\n<\/div>\n<p>Auteur: Soufiane ELAHMAR<br \/>\n<a href=\"http:\/\/www.mapoujda.ma\/fr\/abdenbi-bioui-reelu-president-du-conseil-de-la-region-de-loriental\/\">Cliquez ici pour lire l&rsquo;article depuis sa source.<\/a><\/p>\n","protected":false},"excerpt":{"rendered":"<p>Abdenbi Bioui, du Parti Authenticit\u00e9 et Modernit\u00e9 (PAM), a \u00e9t\u00e9 r\u00e9\u00e9lu, samedi \u00e0 Oujda, pr\u00e9sident du Conseil de la r\u00e9gion de l\u2019Oriental (CRO). Seul candidat \u00e0 la pr\u00e9sidence, M. Bioui a \u00e9t\u00e9 r\u00e9\u00e9lu \u00e0 la majorit\u00e9 absolue, en obtenant les voix de 49 membres sur les 51 que compte le CRO, lors d\u2019une session pl\u00e9ni\u00e8re [&hellip;]<\/p>\n","protected":false},"author":1788,"featured_media":0,"comment_status":"closed","ping_status":"closed","sticky":false,"template":"","format":"standard","meta":{"fifu_image_url":"http:\/\/www.mapoujda.ma\/map\/uploads\/2021\/09\/abdenbi_bioui_president_conseil_region_oriental.jpg","fifu_image_alt":"Abdenbi Bioui r\u00e9\u00e9lu pr\u00e9sident du Conseil de la r\u00e9gion de l\u2019Oriental","footnotes":""},"categories":[54,76],"tags":[],"class_list":["post-127438","post","type-post","status-publish","format-standard","hentry","category-maroc","category-regions"],"_links":{"self":[{"href":"https:\/\/linitiative.ca\/International\/wp-json\/wp\/v2\/posts\/127438","targetHints":{"allow":["GET"]}}],"collection":[{"href":"https:\/\/linitiative.ca\/International\/wp-json\/wp\/v2\/posts"}],"about":[{"href":"https:\/\/linitiative.ca\/International\/wp-json\/wp\/v2\/types\/post"}],"author":[{"embeddable":true,"href":"https:\/\/linitiative.ca\/International\/wp-json\/wp\/v2\/users\/1788"}],"replies":[{"embeddable":true,"href":"https:\/\/linitiative.ca\/International\/wp-json\/wp\/v2\/comments?post=127438"}],"version-history":[{"count":0,"href":"https:\/\/linitiative.ca\/International\/wp-json\/wp\/v2\/posts\/127438\/revisions"}],"wp:attachment":[{"href":"https:\/\/linitiative.ca\/International\/wp-json\/wp\/v2\/media?parent=127438"}],"wp:term":[{"taxonomy":"category","embeddable":true,"href":"https:\/\/linitiative.ca\/International\/wp-json\/wp\/v2\/categories?post=127438"},{"taxonomy":"post_tag","embeddable":true,"href":"https:\/\/linitiative.ca\/International\/wp-json\/wp\/v2\/tags?post=127438"}],"curies":[{"name":"wp","href":"https:\/\/api.w.org\/{rel}","templated":true}]}}