{"id":127440,"date":"2021-09-18T08:35:31","date_gmt":"2021-09-18T12:35:31","guid":{"rendered":"https:\/\/linitiative.ca\/International\/fes-ouled-tayeb-rachid-el-fayek-reelu-a-lunanimite\/"},"modified":"2021-09-18T08:35:31","modified_gmt":"2021-09-18T12:35:31","slug":"fes-ouled-tayeb-rachid-el-fayek-reelu-a-lunanimite","status":"publish","type":"post","link":"https:\/\/linitiative.ca\/International\/fes-ouled-tayeb-rachid-el-fayek-reelu-a-lunanimite\/","title":{"rendered":"F\u00e8s-Ouled Tayeb: Rachid El Fayek r\u00e9\u00e9lu \u00e0 l&rsquo;unanimit\u00e9"},"content":{"rendered":"<div>\n<div class=\"field field-name-body field-type-text-with-summary field-label-hidden\">\n<div class=\"field-items\">\n<div class=\"field-item even\" property=\"content:encoded\">\n<p class=\"rtejustify\">Rachid El Fayek, candidat RNI unique \u00e0 sa propre succession \u00e0 la t\u00eate de la commune d&rsquo;Ouled Tayeb (pr\u00e9fecture de F\u00e8s), a \u00e9t\u00e9 r\u00e9\u00e9lu, ce 18 septembre, \u00e0 l&rsquo;unanimit\u00e9.<\/p>\n<p class=\"rtejustify\">L&rsquo;\u00e9lu du parti de la Colombe a ainsi remport\u00e9 les 28 si\u00e8ges de la commune la plus convoit\u00e9e (30.000 habitants environ). Lors du scrutin du 8 septembre, il a \u00e9t\u00e9 \u00e9galement r\u00e9\u00e9lu d\u00e9put\u00e9 au titre de la circonscription F\u00e8s-Sud avec plus de 16.800 voix, le classant premier devant Allal Amraoui, d\u00e9put\u00e9 PI, Aziz Lebbar, d\u00e9put\u00e9 PAM, et Abdelkader Boussiri, d\u00e9put\u00e9 USFP.<\/p>\n<\/div>\n<\/div>\n<\/div>\n<\/div>\n<p>Auteur: mbasraoui<br \/>\n<a href=\"https:\/\/www.leconomiste.com\/flash-infos\/fes-ouled-tayeb-rachid-el-fayek-reelu-l-unanimite\">Cliquez ici pour lire l&rsquo;article depuis sa source.<\/a><\/p>\n","protected":false},"excerpt":{"rendered":"<p>Rachid El Fayek, candidat RNI unique \u00e0 sa propre succession \u00e0 la t\u00eate de la commune d&rsquo;Ouled Tayeb (pr\u00e9fecture de F\u00e8s), a \u00e9t\u00e9 r\u00e9\u00e9lu, ce 18 septembre, \u00e0 l&rsquo;unanimit\u00e9. L&rsquo;\u00e9lu du parti de la Colombe a ainsi remport\u00e9 les 28 si\u00e8ges de la commune la plus convoit\u00e9e (30.000 habitants environ). Lors du scrutin du 8 [&hellip;]<\/p>\n","protected":false},"author":1763,"featured_media":0,"comment_status":"closed","ping_status":"closed","sticky":false,"template":"","format":"standard","meta":{"fifu_image_url":"","fifu_image_alt":"","footnotes":""},"categories":[78,54],"tags":[],"class_list":["post-127440","post","type-post","status-publish","format-standard","hentry","category-economie","category-maroc"],"_links":{"self":[{"href":"https:\/\/linitiative.ca\/International\/wp-json\/wp\/v2\/posts\/127440","targetHints":{"allow":["GET"]}}],"collection":[{"href":"https:\/\/linitiative.ca\/International\/wp-json\/wp\/v2\/posts"}],"about":[{"href":"https:\/\/linitiative.ca\/International\/wp-json\/wp\/v2\/types\/post"}],"author":[{"embeddable":true,"href":"https:\/\/linitiative.ca\/International\/wp-json\/wp\/v2\/users\/1763"}],"replies":[{"embeddable":true,"href":"https:\/\/linitiative.ca\/International\/wp-json\/wp\/v2\/comments?post=127440"}],"version-history":[{"count":0,"href":"https:\/\/linitiative.ca\/International\/wp-json\/wp\/v2\/posts\/127440\/revisions"}],"wp:attachment":[{"href":"https:\/\/linitiative.ca\/International\/wp-json\/wp\/v2\/media?parent=127440"}],"wp:term":[{"taxonomy":"category","embeddable":true,"href":"https:\/\/linitiative.ca\/International\/wp-json\/wp\/v2\/categories?post=127440"},{"taxonomy":"post_tag","embeddable":true,"href":"https:\/\/linitiative.ca\/International\/wp-json\/wp\/v2\/tags?post=127440"}],"curies":[{"name":"wp","href":"https:\/\/api.w.org\/{rel}","templated":true}]}}