{"id":127441,"date":"2021-09-18T08:35:41","date_gmt":"2021-09-18T12:35:41","guid":{"rendered":"https:\/\/linitiative.ca\/International\/rachid-el-abdi-du-pam-a-la-tete-de-la-region-de-rabat\/"},"modified":"2021-09-18T08:35:41","modified_gmt":"2021-09-18T12:35:41","slug":"rachid-el-abdi-du-pam-a-la-tete-de-la-region-de-rabat","status":"publish","type":"post","link":"https:\/\/linitiative.ca\/International\/rachid-el-abdi-du-pam-a-la-tete-de-la-region-de-rabat\/","title":{"rendered":"Rachid El Abdi du PAM \u00e0 la t\u00eate de la r\u00e9gion de Rabat"},"content":{"rendered":"<div>\n<div class=\"field field-name-body field-type-text-with-summary field-label-hidden\">\n<div class=\"field-items\">\n<div class=\"field-item even\" property=\"content:encoded\">\n<p class=\"rtejustify\">Comme il a \u00e9t\u00e9 attendu, Rachid El Abdi du PAM a \u00e9t\u00e9 \u00e9lu, ce matin, pr\u00e9sident du conseil de la r\u00e9gion de Rabat-Sal\u00e9-K\u00e9nitra.<\/p>\n<p class=\"rtejustify\">Sa candidature unique a obtenu 63 voix contre 3 voix sur 71 membres pr\u00e9sents. A noter que le nombre des conseillers du conseil de la r\u00e9gion de Rabat-Sal\u00e9-K\u00e9nitra s\u2019\u00e9l\u00e8ve \u00e0 75 membres. Suite \u00e0 ce vote, El Abdi va remplacer le pr\u00e9sident sortant Abdessamad Sekkal du PJD.<\/p>\n<p class=\"rtejustify\">\u00a0<\/p>\n<\/div>\n<\/div>\n<\/div>\n<\/div>\n<p>Auteur: mbasraoui<br \/>\n<a href=\"https:\/\/www.leconomiste.com\/flash-infos\/rachid-el-abdi-du-pam-la-tete-de-la-region-de-rabat\">Cliquez ici pour lire l&rsquo;article depuis sa source.<\/a><\/p>\n","protected":false},"excerpt":{"rendered":"<p>Comme il a \u00e9t\u00e9 attendu, Rachid El Abdi du PAM a \u00e9t\u00e9 \u00e9lu, ce matin, pr\u00e9sident du conseil de la r\u00e9gion de Rabat-Sal\u00e9-K\u00e9nitra. Sa candidature unique a obtenu 63 voix contre 3 voix sur 71 membres pr\u00e9sents. A noter que le nombre des conseillers du conseil de la r\u00e9gion de Rabat-Sal\u00e9-K\u00e9nitra s\u2019\u00e9l\u00e8ve \u00e0 75 membres. [&hellip;]<\/p>\n","protected":false},"author":1763,"featured_media":0,"comment_status":"closed","ping_status":"closed","sticky":false,"template":"","format":"standard","meta":{"fifu_image_url":"","fifu_image_alt":"","footnotes":""},"categories":[78,54],"tags":[],"class_list":["post-127441","post","type-post","status-publish","format-standard","hentry","category-economie","category-maroc"],"_links":{"self":[{"href":"https:\/\/linitiative.ca\/International\/wp-json\/wp\/v2\/posts\/127441","targetHints":{"allow":["GET"]}}],"collection":[{"href":"https:\/\/linitiative.ca\/International\/wp-json\/wp\/v2\/posts"}],"about":[{"href":"https:\/\/linitiative.ca\/International\/wp-json\/wp\/v2\/types\/post"}],"author":[{"embeddable":true,"href":"https:\/\/linitiative.ca\/International\/wp-json\/wp\/v2\/users\/1763"}],"replies":[{"embeddable":true,"href":"https:\/\/linitiative.ca\/International\/wp-json\/wp\/v2\/comments?post=127441"}],"version-history":[{"count":0,"href":"https:\/\/linitiative.ca\/International\/wp-json\/wp\/v2\/posts\/127441\/revisions"}],"wp:attachment":[{"href":"https:\/\/linitiative.ca\/International\/wp-json\/wp\/v2\/media?parent=127441"}],"wp:term":[{"taxonomy":"category","embeddable":true,"href":"https:\/\/linitiative.ca\/International\/wp-json\/wp\/v2\/categories?post=127441"},{"taxonomy":"post_tag","embeddable":true,"href":"https:\/\/linitiative.ca\/International\/wp-json\/wp\/v2\/tags?post=127441"}],"curies":[{"name":"wp","href":"https:\/\/api.w.org\/{rel}","templated":true}]}}