{"id":127447,"date":"2021-09-18T08:44:00","date_gmt":"2021-09-18T12:44:00","guid":{"rendered":"https:\/\/linitiative.ca\/International\/bayern-nagelsmann-veut-equiper-les-joueurs-doreillettes-et-de-micros\/"},"modified":"2021-09-18T08:44:00","modified_gmt":"2021-09-18T12:44:00","slug":"bayern-nagelsmann-veut-equiper-les-joueurs-doreillettes-et-de-micros","status":"publish","type":"post","link":"https:\/\/linitiative.ca\/International\/bayern-nagelsmann-veut-equiper-les-joueurs-doreillettes-et-de-micros\/","title":{"rendered":"Bayern : Nagelsmann veut \u00e9quiper les joueurs d&rsquo;oreillettes et de micros"},"content":{"rendered":"<div>L\u2019entra\u00eeneur du club bavarois a pris l\u2019exemple du football am\u00e9ricain pour \u00e9voquer les am\u00e9liorations technologiques dans le football, avec une proposition \u00e9tonnante<img loading=\"lazy\" decoding=\"async\" src=\"http:\/\/feeds.feedburner.com\/~r\/GalerieFArtciles\/~4\/Ner5F6Lrk94\" height=\"1\" width=\"1\" alt=\"\"><\/div>\n<p>Auteur:<br \/>\n<a href=\"http:\/\/www.lebuteur.com\/article\/detail?titre=bayern-nagelsmann-veut-equiper-les-joueurs-doreillettes-et-de-micros&#038;id=101112&#038;utm_source=feedburner&#038;utm_medium=feed&#038;utm_campaign=Feed%3A+GalerieFArtciles+%28Les+derniers+articles++-+lebuteur.com%29\">Cliquez ici pour lire l&rsquo;article depuis sa source.<\/a><\/p>\n","protected":false},"excerpt":{"rendered":"<p>L\u2019entra\u00eeneur du club bavarois a pris l\u2019exemple du football am\u00e9ricain pour \u00e9voquer les am\u00e9liorations technologiques dans le football, avec une proposition \u00e9tonnante Auteur: Cliquez ici pour lire l&rsquo;article depuis sa source.<\/p>\n","protected":false},"author":1738,"featured_media":0,"comment_status":"closed","ping_status":"closed","sticky":false,"template":"","format":"standard","meta":{"fifu_image_url":"http:\/\/feeds.feedburner.com\/~r\/GalerieFArtciles\/~4\/Ner5F6Lrk94","fifu_image_alt":"<div>Bayern : Nagelsmann veut \u00e9quiper les joueurs d'oreillettes et de micros<\/div>","footnotes":""},"categories":[53,75],"tags":[],"class_list":["post-127447","post","type-post","status-publish","format-standard","hentry","category-algerie","category-sport"],"_links":{"self":[{"href":"https:\/\/linitiative.ca\/International\/wp-json\/wp\/v2\/posts\/127447","targetHints":{"allow":["GET"]}}],"collection":[{"href":"https:\/\/linitiative.ca\/International\/wp-json\/wp\/v2\/posts"}],"about":[{"href":"https:\/\/linitiative.ca\/International\/wp-json\/wp\/v2\/types\/post"}],"author":[{"embeddable":true,"href":"https:\/\/linitiative.ca\/International\/wp-json\/wp\/v2\/users\/1738"}],"replies":[{"embeddable":true,"href":"https:\/\/linitiative.ca\/International\/wp-json\/wp\/v2\/comments?post=127447"}],"version-history":[{"count":0,"href":"https:\/\/linitiative.ca\/International\/wp-json\/wp\/v2\/posts\/127447\/revisions"}],"wp:attachment":[{"href":"https:\/\/linitiative.ca\/International\/wp-json\/wp\/v2\/media?parent=127447"}],"wp:term":[{"taxonomy":"category","embeddable":true,"href":"https:\/\/linitiative.ca\/International\/wp-json\/wp\/v2\/categories?post=127447"},{"taxonomy":"post_tag","embeddable":true,"href":"https:\/\/linitiative.ca\/International\/wp-json\/wp\/v2\/tags?post=127447"}],"curies":[{"name":"wp","href":"https:\/\/api.w.org\/{rel}","templated":true}]}}