{"id":127448,"date":"2021-09-18T06:37:45","date_gmt":"2021-09-18T10:37:45","guid":{"rendered":"https:\/\/linitiative.ca\/International\/aide-sociale-vers-le-recours-au-systeme-des-virements-au-profit-des-familles-necessiteuses\/"},"modified":"2021-09-18T06:37:45","modified_gmt":"2021-09-18T10:37:45","slug":"aide-sociale-vers-le-recours-au-systeme-des-virements-au-profit-des-familles-necessiteuses","status":"publish","type":"post","link":"https:\/\/linitiative.ca\/International\/aide-sociale-vers-le-recours-au-systeme-des-virements-au-profit-des-familles-necessiteuses\/","title":{"rendered":"Aide sociale : Vers le recours au syst\u00e8me des virements au profit des familles n\u00e9cessiteuses"},"content":{"rendered":"<div>\n<div class=\"sriret\"><img decoding=\"async\" src=\"https:\/\/linitiative.ca\/International\/wp-content\/uploads\/sites\/23\/2021\/09\/default-picture-709x366_c-57.jpg\"><\/div>\n<p>R\u00e9pondant aux pr\u00e9occupations des d\u00e9put\u00e9s de l\u2019Assembl\u00e9e populaire nationale relatives au projet de plan d\u2019action du gouvernement, le Premier ministre, A\u00efmene Benabderrahmane, a r\u00e9v\u00e9l\u00e9 jeudi que la r\u00e9forme du syst\u00e8me de subvention sociale se fera \u00aben passant au virement au profit des familles n\u00e9cessiteuse qui b\u00e9n\u00e9ficieront d\u2019un revenu suppl\u00e9mentaire comme indemnisation de la hausse les prix\u00bb.<\/p>\n<p>\u00abLa r\u00e9forme du syst\u00e8me de subvention vise un meilleur ciblage garantissant ainsi une justice sociale\u00bb, a ajout\u00e9 M. Benabderrahmane, selon l\u2019APS qui a rapport\u00e9 l\u2019information.<\/p>\n<p>L\u2019article <a rel=\"nofollow\" href=\"https:\/\/www.elwatan.com\/edition\/actualite\/aide-sociale-vers-le-recours-au-systeme-des-virements-au-profit-des-familles-necessiteuses-18-09-2021\">Aide sociale : Vers le recours au syst\u00e8me des virements au profit des familles n\u00e9cessiteuses<\/a> est apparu en premier sur <a rel=\"nofollow\" href=\"https:\/\/www.elwatan.com\/\">El Watan<\/a>.<\/p>\n<\/div>\n<p>Auteur: Anis Khecheba<br \/>\n<a href=\"https:\/\/www.elwatan.com\/edition\/actualite\/aide-sociale-vers-le-recours-au-systeme-des-virements-au-profit-des-familles-necessiteuses-18-09-2021\">Cliquez ici pour lire l&rsquo;article depuis sa source.<\/a><\/p>\n","protected":false},"excerpt":{"rendered":"<p>R\u00e9pondant aux pr\u00e9occupations des d\u00e9put\u00e9s de l\u2019Assembl\u00e9e populaire nationale relatives au projet de plan d\u2019action du gouvernement, le Premier ministre, A\u00efmene Benabderrahmane, a r\u00e9v\u00e9l\u00e9 jeudi que la r\u00e9forme du syst\u00e8me de subvention sociale se fera \u00aben passant au virement au profit des familles n\u00e9cessiteuse qui b\u00e9n\u00e9ficieront d\u2019un revenu suppl\u00e9mentaire comme indemnisation de la hausse les [&hellip;]<\/p>\n","protected":false},"author":1743,"featured_media":0,"comment_status":"closed","ping_status":"closed","sticky":false,"template":"","format":"standard","meta":{"fifu_image_url":"https:\/\/www.elwatan.com\/wp-content\/themes\/spectr\/img\/default-picture-709x366_c.jpg","fifu_image_alt":"Aide sociale : Vers le recours au syst\u00e8me des virements au profit des familles n\u00e9cessiteuses","footnotes":""},"categories":[73,53],"tags":[],"class_list":["post-127448","post","type-post","status-publish","format-standard","hentry","category-actualite","category-algerie"],"_links":{"self":[{"href":"https:\/\/linitiative.ca\/International\/wp-json\/wp\/v2\/posts\/127448","targetHints":{"allow":["GET"]}}],"collection":[{"href":"https:\/\/linitiative.ca\/International\/wp-json\/wp\/v2\/posts"}],"about":[{"href":"https:\/\/linitiative.ca\/International\/wp-json\/wp\/v2\/types\/post"}],"author":[{"embeddable":true,"href":"https:\/\/linitiative.ca\/International\/wp-json\/wp\/v2\/users\/1743"}],"replies":[{"embeddable":true,"href":"https:\/\/linitiative.ca\/International\/wp-json\/wp\/v2\/comments?post=127448"}],"version-history":[{"count":0,"href":"https:\/\/linitiative.ca\/International\/wp-json\/wp\/v2\/posts\/127448\/revisions"}],"wp:attachment":[{"href":"https:\/\/linitiative.ca\/International\/wp-json\/wp\/v2\/media?parent=127448"}],"wp:term":[{"taxonomy":"category","embeddable":true,"href":"https:\/\/linitiative.ca\/International\/wp-json\/wp\/v2\/categories?post=127448"},{"taxonomy":"post_tag","embeddable":true,"href":"https:\/\/linitiative.ca\/International\/wp-json\/wp\/v2\/tags?post=127448"}],"curies":[{"name":"wp","href":"https:\/\/api.w.org\/{rel}","templated":true}]}}