{"id":127450,"date":"2021-09-18T06:38:33","date_gmt":"2021-09-18T10:38:33","guid":{"rendered":"https:\/\/linitiative.ca\/International\/eviter-toute-politisation-du-probleme-et-agir-dans-le-cadre-de-la-loi\/"},"modified":"2021-09-18T06:38:33","modified_gmt":"2021-09-18T10:38:33","slug":"eviter-toute-politisation-du-probleme-et-agir-dans-le-cadre-de-la-loi","status":"publish","type":"post","link":"https:\/\/linitiative.ca\/International\/eviter-toute-politisation-du-probleme-et-agir-dans-le-cadre-de-la-loi\/","title":{"rendered":"\u00abEviter toute politisation du probl\u00e8me et agir dans le cadre de la loi\u00bb"},"content":{"rendered":"<div>\n<div class=\"sriret\"><img decoding=\"async\" src=\"https:\/\/linitiative.ca\/International\/wp-content\/uploads\/sites\/23\/2021\/09\/default-picture-709x366_c-58.jpg\"><\/div>\n<p><em><strong>\u2013 Le plan d\u2019action du gouvernement pr\u00e9sent\u00e9 au Parlement comporte un sujet tabou, celui de la possibilit\u00e9 d\u2019un r\u00e8glement \u00e0 l\u2019amiable avec les d\u00e9tenus poursuivis dans des affaires \u00e9conomiques. Qu\u2019en pensez-vous ?<\/strong><\/em><\/p>\n<p>Je ne pense pas qu\u2019il s\u2019agisse vraiment de cela. Une d\u00e9marche qui irait dans ce sens serait en tout cas tardive pour deux raisons\u00a0: la premi\u00e8re est que des personnes ont \u00e9t\u00e9 jug\u00e9es et condamn\u00e9es d\u2019une fa\u00e7on d\u00e9finitive. Effacer cela d\u2019un trait de plume en les lib\u00e9rant serait catastrophique pour l\u2019Etat de droit.<\/p>\n<p>Cette sorte de transaction p\u00e9nale aurait \u00e9t\u00e9 possible et acceptable avant les poursuites dans un cadre de \u00abtransaction p\u00e9nale\u00bb pr\u00e9-poursuites, et je mets les guillemets \u00e0 dessein. La seconde est que durant cette p\u00e9riode, des d\u00e9g\u00e2ts \u00e9normes ont \u00e9t\u00e9 caus\u00e9s aux groupes commerciaux dont les patrons ont \u00e9t\u00e9 poursuivis.<\/p>\n<p>On n\u2019a pas encore dress\u00e9 le bilan de la mise sous administration judiciaire. On aurait d\u00fb penser \u00e0 la r\u00e9cup\u00e9ration des biens mal acquis avant les jugements d\u00e9finitifs ; cela aurait \u00e9t\u00e9 plus d\u00e9cent.<\/p>\n<p>L\u2019article <a rel=\"nofollow\" href=\"https:\/\/www.elwatan.com\/edition\/actualite\/eviter-toute-politisation-du-probleme-et-agir-dans-le-cadre-de-la-loi-18-09-2021\">\u00abEviter toute politisation du probl\u00e8me et agir dans le cadre de la loi\u00bb<\/a> est apparu en premier sur <a rel=\"nofollow\" href=\"https:\/\/www.elwatan.com\/\">El Watan<\/a>.<\/p>\n<\/div>\n<p>Auteur: Anis Khecheba<br \/>\n<a href=\"https:\/\/www.elwatan.com\/edition\/actualite\/eviter-toute-politisation-du-probleme-et-agir-dans-le-cadre-de-la-loi-18-09-2021\">Cliquez ici pour lire l&rsquo;article depuis sa source.<\/a><\/p>\n","protected":false},"excerpt":{"rendered":"<p>\u2013 Le plan d\u2019action du gouvernement pr\u00e9sent\u00e9 au Parlement comporte un sujet tabou, celui de la possibilit\u00e9 d\u2019un r\u00e8glement \u00e0 l\u2019amiable avec les d\u00e9tenus poursuivis dans des affaires \u00e9conomiques. Qu\u2019en pensez-vous ? Je ne pense pas qu\u2019il s\u2019agisse vraiment de cela. Une d\u00e9marche qui irait dans ce sens serait en tout cas tardive pour deux [&hellip;]<\/p>\n","protected":false},"author":1743,"featured_media":0,"comment_status":"closed","ping_status":"closed","sticky":false,"template":"","format":"standard","meta":{"fifu_image_url":"https:\/\/www.elwatan.com\/wp-content\/themes\/spectr\/img\/default-picture-709x366_c.jpg","fifu_image_alt":"\u00abEviter toute politisation du probl\u00e8me et agir dans le cadre de la loi\u00bb","footnotes":""},"categories":[73,53],"tags":[],"class_list":["post-127450","post","type-post","status-publish","format-standard","hentry","category-actualite","category-algerie"],"_links":{"self":[{"href":"https:\/\/linitiative.ca\/International\/wp-json\/wp\/v2\/posts\/127450","targetHints":{"allow":["GET"]}}],"collection":[{"href":"https:\/\/linitiative.ca\/International\/wp-json\/wp\/v2\/posts"}],"about":[{"href":"https:\/\/linitiative.ca\/International\/wp-json\/wp\/v2\/types\/post"}],"author":[{"embeddable":true,"href":"https:\/\/linitiative.ca\/International\/wp-json\/wp\/v2\/users\/1743"}],"replies":[{"embeddable":true,"href":"https:\/\/linitiative.ca\/International\/wp-json\/wp\/v2\/comments?post=127450"}],"version-history":[{"count":0,"href":"https:\/\/linitiative.ca\/International\/wp-json\/wp\/v2\/posts\/127450\/revisions"}],"wp:attachment":[{"href":"https:\/\/linitiative.ca\/International\/wp-json\/wp\/v2\/media?parent=127450"}],"wp:term":[{"taxonomy":"category","embeddable":true,"href":"https:\/\/linitiative.ca\/International\/wp-json\/wp\/v2\/categories?post=127450"},{"taxonomy":"post_tag","embeddable":true,"href":"https:\/\/linitiative.ca\/International\/wp-json\/wp\/v2\/tags?post=127450"}],"curies":[{"name":"wp","href":"https:\/\/api.w.org\/{rel}","templated":true}]}}