{"id":127452,"date":"2021-09-18T06:39:05","date_gmt":"2021-09-18T10:39:05","guid":{"rendered":"https:\/\/linitiative.ca\/International\/le-gouvernement-ira-t-il-jusquau-bout\/"},"modified":"2021-09-18T06:39:05","modified_gmt":"2021-09-18T10:39:05","slug":"le-gouvernement-ira-t-il-jusquau-bout","status":"publish","type":"post","link":"https:\/\/linitiative.ca\/International\/le-gouvernement-ira-t-il-jusquau-bout\/","title":{"rendered":"Le gouvernement ira-t-il jusqu\u2019au bout ?"},"content":{"rendered":"<div>\n<div class=\"sriret\"><img decoding=\"async\" src=\"https:\/\/linitiative.ca\/International\/wp-content\/uploads\/sites\/23\/2021\/09\/default-picture-709x366_c-59.jpg\"><\/div>\n<p>Le Premier ministre a rassur\u00e9 jeudi les d\u00e9put\u00e9s ayant exprim\u00e9 en nombre des appr\u00e9hensions et des incompr\u00e9hensions \u00e0 l\u2019id\u00e9e avanc\u00e9e dans le plan d\u2019action de son gouvernement de \u00abl\u2019adoption d\u2019un mode de r\u00e8glement \u00e0 l\u2019amiable garantissant la r\u00e9cup\u00e9ration des biens d\u00e9tourn\u00e9s\u00bb.<\/p>\n<p>Ce qui devait apporter des clarifications a provoqu\u00e9 plus de questions, mais pas \u00e0 l\u2019h\u00e9micycle. Le Premier ministre a rassur\u00e9 jeudi les d\u00e9put\u00e9s ayant exprim\u00e9 en nombre des appr\u00e9hensions et des incompr\u00e9hensions \u00e0 l\u2019id\u00e9e avanc\u00e9e dans le plan d\u2019action de son gouvernement de \u00abl\u2019adoption d\u2019un mode de r\u00e8glement \u00e0 l\u2019amiable garantissant la r\u00e9cup\u00e9ration des biens d\u00e9tourn\u00e9s\u00bb.<\/p>\n<p>A\u00efmene Benabderrahmane a en effet pr\u00e9cis\u00e9 que l\u2019option de son gouvernement ne concerne pas les personnes physiques, mais uniquement les soci\u00e9t\u00e9s \u00e9trang\u00e8res impliqu\u00e9es. La pr\u00e9cision a eu un effet anesth\u00e9siant sur les d\u00e9put\u00e9s, alors qu\u2019elle aurait d\u00fb aiguiser davantage leurs sens et provoquer une avalanche de questions sur ce dossier qui inqui\u00e8te les Alg\u00e9riens au plus haut point et d\u00e9termine en partie leur relation de confiance avec les autorit\u00e9s politiques.<\/p>\n<p>L\u2019article <a rel=\"nofollow\" href=\"https:\/\/www.elwatan.com\/edition\/actualite\/le-gouvernement-ira-t-il-jusquau-bout-18-09-2021\">Le gouvernement ira-t-il jusqu\u2019au bout ?<\/a> est apparu en premier sur <a rel=\"nofollow\" href=\"https:\/\/www.elwatan.com\/\">El Watan<\/a>.<\/p>\n<\/div>\n<p>Auteur: Anis Khecheba<br \/>\n<a href=\"https:\/\/www.elwatan.com\/edition\/actualite\/le-gouvernement-ira-t-il-jusquau-bout-18-09-2021\">Cliquez ici pour lire l&rsquo;article depuis sa source.<\/a><\/p>\n","protected":false},"excerpt":{"rendered":"<p>Le Premier ministre a rassur\u00e9 jeudi les d\u00e9put\u00e9s ayant exprim\u00e9 en nombre des appr\u00e9hensions et des incompr\u00e9hensions \u00e0 l\u2019id\u00e9e avanc\u00e9e dans le plan d\u2019action de son gouvernement de \u00abl\u2019adoption d\u2019un mode de r\u00e8glement \u00e0 l\u2019amiable garantissant la r\u00e9cup\u00e9ration des biens d\u00e9tourn\u00e9s\u00bb. Ce qui devait apporter des clarifications a provoqu\u00e9 plus de questions, mais pas \u00e0 [&hellip;]<\/p>\n","protected":false},"author":1743,"featured_media":0,"comment_status":"closed","ping_status":"closed","sticky":false,"template":"","format":"standard","meta":{"fifu_image_url":"https:\/\/www.elwatan.com\/wp-content\/themes\/spectr\/img\/default-picture-709x366_c.jpg","fifu_image_alt":"Le gouvernement ira-t-il jusqu\u2019au bout ?","footnotes":""},"categories":[73,53],"tags":[],"class_list":["post-127452","post","type-post","status-publish","format-standard","hentry","category-actualite","category-algerie"],"_links":{"self":[{"href":"https:\/\/linitiative.ca\/International\/wp-json\/wp\/v2\/posts\/127452","targetHints":{"allow":["GET"]}}],"collection":[{"href":"https:\/\/linitiative.ca\/International\/wp-json\/wp\/v2\/posts"}],"about":[{"href":"https:\/\/linitiative.ca\/International\/wp-json\/wp\/v2\/types\/post"}],"author":[{"embeddable":true,"href":"https:\/\/linitiative.ca\/International\/wp-json\/wp\/v2\/users\/1743"}],"replies":[{"embeddable":true,"href":"https:\/\/linitiative.ca\/International\/wp-json\/wp\/v2\/comments?post=127452"}],"version-history":[{"count":0,"href":"https:\/\/linitiative.ca\/International\/wp-json\/wp\/v2\/posts\/127452\/revisions"}],"wp:attachment":[{"href":"https:\/\/linitiative.ca\/International\/wp-json\/wp\/v2\/media?parent=127452"}],"wp:term":[{"taxonomy":"category","embeddable":true,"href":"https:\/\/linitiative.ca\/International\/wp-json\/wp\/v2\/categories?post=127452"},{"taxonomy":"post_tag","embeddable":true,"href":"https:\/\/linitiative.ca\/International\/wp-json\/wp\/v2\/tags?post=127452"}],"curies":[{"name":"wp","href":"https:\/\/api.w.org\/{rel}","templated":true}]}}