{"id":127454,"date":"2021-09-18T06:40:19","date_gmt":"2021-09-18T10:40:19","guid":{"rendered":"https:\/\/linitiative.ca\/International\/le-difficile-pari-de-la-relance-economique\/"},"modified":"2021-09-18T06:40:19","modified_gmt":"2021-09-18T10:40:19","slug":"le-difficile-pari-de-la-relance-economique","status":"publish","type":"post","link":"https:\/\/linitiative.ca\/International\/le-difficile-pari-de-la-relance-economique\/","title":{"rendered":"Le difficile pari de la relance \u00e9conomique"},"content":{"rendered":"<div>\n<div class=\"sriret\"><img decoding=\"async\" src=\"https:\/\/linitiative.ca\/International\/wp-content\/uploads\/sites\/23\/2021\/09\/default-picture-709x366_c-60.jpg\"><\/div>\n<p>Le Premier ministre, ministre des Finances, A\u00efmene Benabderrahmane, a affirm\u00e9 jeudi que le plan d\u2019action du gouvernement, adopt\u00e9 \u00e0 la majorit\u00e9 par les d\u00e9put\u00e9s de l\u2019Assembl\u00e9e populaire nationale (APN), sera appliqu\u00e9 selon \u00abdes m\u00e9canismes de suivi stricts\u00bb. Il a affirm\u00e9, \u00e0 ce propos, la d\u00e9termination du gouvernement \u00e0 assurer \u00ab la stricte et effective mise en \u0153uvre \u00bb de ce plan, compos\u00e9 de cinq chapitres ax\u00e9s essentiellement sur l\u2019engagement de r\u00e9formes structurelles destin\u00e9es \u00e0 relancer l\u2019\u00e9conomie nationale et moderniser le syst\u00e8me bancaire et financier.<\/p>\n<p>Dans ses r\u00e9ponses aux d\u00e9put\u00e9s, le 16 mars dernier, dans le cadre du d\u00e9bat sur le Plan d\u2019action du gouvernement (PAG), le Premier ministre, A\u00efmene Benabderrahmane a encha\u00een\u00e9 les annonces concernant l\u2019am\u00e9lioration du climat des investissements et l\u2019all\u00e9gement des proc\u00e9dures li\u00e9es au monde des affaires.<\/p>\n<p>Entre r\u00e9forme du syst\u00e8me de gestion du foncier, r\u00e9vision de la loi sur l\u2019investissement, am\u00e9lioration des conditions d\u2019acc\u00e8s au financement et num\u00e9risation des march\u00e9s publics, les changements au menu du gouvernement s\u2019annoncent importants eu \u00e9gard aux attentes des op\u00e9rateurs \u00e9conomiques et aux enjeux \u00e0 relever en mati\u00e8re d\u2019investissements.<\/p>\n<p>L\u2019article <a rel=\"nofollow\" href=\"https:\/\/www.elwatan.com\/edition\/actualite\/le-difficile-pari-de-la-relance-economique-18-09-2021\">Le difficile pari de la relance \u00e9conomique<\/a> est apparu en premier sur <a rel=\"nofollow\" href=\"https:\/\/www.elwatan.com\/\">El Watan<\/a>.<\/p>\n<\/div>\n<p>Auteur: Anis Khecheba<br \/>\n<a href=\"https:\/\/www.elwatan.com\/edition\/actualite\/le-difficile-pari-de-la-relance-economique-18-09-2021\">Cliquez ici pour lire l&rsquo;article depuis sa source.<\/a><\/p>\n","protected":false},"excerpt":{"rendered":"<p>Le Premier ministre, ministre des Finances, A\u00efmene Benabderrahmane, a affirm\u00e9 jeudi que le plan d\u2019action du gouvernement, adopt\u00e9 \u00e0 la majorit\u00e9 par les d\u00e9put\u00e9s de l\u2019Assembl\u00e9e populaire nationale (APN), sera appliqu\u00e9 selon \u00abdes m\u00e9canismes de suivi stricts\u00bb. Il a affirm\u00e9, \u00e0 ce propos, la d\u00e9termination du gouvernement \u00e0 assurer \u00ab la stricte et effective mise [&hellip;]<\/p>\n","protected":false},"author":1743,"featured_media":0,"comment_status":"closed","ping_status":"closed","sticky":false,"template":"","format":"standard","meta":{"fifu_image_url":"https:\/\/www.elwatan.com\/wp-content\/themes\/spectr\/img\/default-picture-709x366_c.jpg","fifu_image_alt":"Le difficile pari de la relance \u00e9conomique","footnotes":""},"categories":[73,53],"tags":[],"class_list":["post-127454","post","type-post","status-publish","format-standard","hentry","category-actualite","category-algerie"],"_links":{"self":[{"href":"https:\/\/linitiative.ca\/International\/wp-json\/wp\/v2\/posts\/127454","targetHints":{"allow":["GET"]}}],"collection":[{"href":"https:\/\/linitiative.ca\/International\/wp-json\/wp\/v2\/posts"}],"about":[{"href":"https:\/\/linitiative.ca\/International\/wp-json\/wp\/v2\/types\/post"}],"author":[{"embeddable":true,"href":"https:\/\/linitiative.ca\/International\/wp-json\/wp\/v2\/users\/1743"}],"replies":[{"embeddable":true,"href":"https:\/\/linitiative.ca\/International\/wp-json\/wp\/v2\/comments?post=127454"}],"version-history":[{"count":0,"href":"https:\/\/linitiative.ca\/International\/wp-json\/wp\/v2\/posts\/127454\/revisions"}],"wp:attachment":[{"href":"https:\/\/linitiative.ca\/International\/wp-json\/wp\/v2\/media?parent=127454"}],"wp:term":[{"taxonomy":"category","embeddable":true,"href":"https:\/\/linitiative.ca\/International\/wp-json\/wp\/v2\/categories?post=127454"},{"taxonomy":"post_tag","embeddable":true,"href":"https:\/\/linitiative.ca\/International\/wp-json\/wp\/v2\/tags?post=127454"}],"curies":[{"name":"wp","href":"https:\/\/api.w.org\/{rel}","templated":true}]}}