{"id":127456,"date":"2021-09-18T07:20:19","date_gmt":"2021-09-18T11:20:19","guid":{"rendered":"https:\/\/linitiative.ca\/International\/deces-de-abdelaziz-bouteflika-drapeau-en-berne-pendant-trois-jours\/"},"modified":"2021-09-18T07:20:19","modified_gmt":"2021-09-18T11:20:19","slug":"deces-de-abdelaziz-bouteflika-drapeau-en-berne-pendant-trois-jours","status":"publish","type":"post","link":"https:\/\/linitiative.ca\/International\/deces-de-abdelaziz-bouteflika-drapeau-en-berne-pendant-trois-jours\/","title":{"rendered":"D\u00e9c\u00e8s de Abdelaziz Bouteflika : drapeau en berne pendant trois jours"},"content":{"rendered":"<div>\n<div class=\"sriret\"><img loading=\"lazy\" decoding=\"async\" width=\"631\" height=\"401\" src=\"https:\/\/linitiative.ca\/International\/wp-content\/uploads\/sites\/23\/2021\/09\/boutef2-e1560764906585-1.jpg\" class=\"attachment-featured_large size-featured_large wp-post-image\" alt=\"\" style=\"margin-bottom: 15px;\" srcset=\"https:\/\/linitiative.ca\/International\/wp-content\/uploads\/sites\/23\/2021\/09\/boutef2-e1560764906585-1.jpg 631w, https:\/\/www.elwatan.com\/wp-content\/uploads\/2019\/06\/boutef2-e1560764906585-300x191.jpg 300w\" sizes=\"auto, (max-width: 631px) 100vw, 631px\"><\/div>\n<p>Le pr\u00e9sident de la R\u00e9publique, Abdelmadjid Tebboune, a d\u00e9cid\u00e9 samedi 18 septembre \u00abla mise en berne du drapeau national \u00e0 travers le territoire national, pendant trois jours, \u00e0 compter de ce samedi, \u00e0 l\u2019annonce du d\u00e9c\u00e8s de l\u2019ancien pr\u00e9sident, le Moudjahid Abdelaziz Bouteflika\u00bb, indique un communiqu\u00e9 de la Pr\u00e9sidence de la R\u00e9publique.<\/p>\n<p>L\u2019article <a rel=\"nofollow\" href=\"https:\/\/www.elwatan.com\/edition\/actualite\/deces-de-abdelaziz-bouteflika-drapeau-en-berne-pendant-trois-jours-18-09-2021\">D\u00e9c\u00e8s de Abdelaziz Bouteflika : drapeau en berne pendant trois jours<\/a> est apparu en premier sur <a rel=\"nofollow\" href=\"https:\/\/www.elwatan.com\/\">El Watan<\/a>.<\/p>\n<\/div>\n<p>Auteur: Mohand Yahiaoui<br \/>\n<a href=\"https:\/\/www.elwatan.com\/edition\/actualite\/deces-de-abdelaziz-bouteflika-drapeau-en-berne-pendant-trois-jours-18-09-2021\">Cliquez ici pour lire l&rsquo;article depuis sa source.<\/a><\/p>\n","protected":false},"excerpt":{"rendered":"<p>Le pr\u00e9sident de la R\u00e9publique, Abdelmadjid Tebboune, a d\u00e9cid\u00e9 samedi 18 septembre \u00abla mise en berne du drapeau national \u00e0 travers le territoire national, pendant trois jours, \u00e0 compter de ce samedi, \u00e0 l\u2019annonce du d\u00e9c\u00e8s de l\u2019ancien pr\u00e9sident, le Moudjahid Abdelaziz Bouteflika\u00bb, indique un communiqu\u00e9 de la Pr\u00e9sidence de la R\u00e9publique. L\u2019article D\u00e9c\u00e8s de [&hellip;]<\/p>\n","protected":false},"author":1743,"featured_media":0,"comment_status":"closed","ping_status":"closed","sticky":false,"template":"","format":"standard","meta":{"fifu_image_url":"https:\/\/www.elwatan.com\/wp-content\/uploads\/2019\/06\/boutef2-e1560764906585.jpg","fifu_image_alt":"D\u00e9c\u00e8s de Abdelaziz Bouteflika : drapeau en berne pendant trois jours","footnotes":""},"categories":[73,53],"tags":[],"class_list":["post-127456","post","type-post","status-publish","format-standard","hentry","category-actualite","category-algerie"],"_links":{"self":[{"href":"https:\/\/linitiative.ca\/International\/wp-json\/wp\/v2\/posts\/127456","targetHints":{"allow":["GET"]}}],"collection":[{"href":"https:\/\/linitiative.ca\/International\/wp-json\/wp\/v2\/posts"}],"about":[{"href":"https:\/\/linitiative.ca\/International\/wp-json\/wp\/v2\/types\/post"}],"author":[{"embeddable":true,"href":"https:\/\/linitiative.ca\/International\/wp-json\/wp\/v2\/users\/1743"}],"replies":[{"embeddable":true,"href":"https:\/\/linitiative.ca\/International\/wp-json\/wp\/v2\/comments?post=127456"}],"version-history":[{"count":0,"href":"https:\/\/linitiative.ca\/International\/wp-json\/wp\/v2\/posts\/127456\/revisions"}],"wp:attachment":[{"href":"https:\/\/linitiative.ca\/International\/wp-json\/wp\/v2\/media?parent=127456"}],"wp:term":[{"taxonomy":"category","embeddable":true,"href":"https:\/\/linitiative.ca\/International\/wp-json\/wp\/v2\/categories?post=127456"},{"taxonomy":"post_tag","embeddable":true,"href":"https:\/\/linitiative.ca\/International\/wp-json\/wp\/v2\/tags?post=127456"}],"curies":[{"name":"wp","href":"https:\/\/api.w.org\/{rel}","templated":true}]}}