{"id":127458,"date":"2021-09-18T04:00:00","date_gmt":"2021-09-18T08:00:00","guid":{"rendered":"https:\/\/linitiative.ca\/International\/revelations-la-main-de-letranger-dans-le-coup-detat-medical-contre-bourguiba\/"},"modified":"2021-09-18T04:00:00","modified_gmt":"2021-09-18T08:00:00","slug":"revelations-la-main-de-letranger-dans-le-coup-detat-medical-contre-bourguiba","status":"publish","type":"post","link":"https:\/\/linitiative.ca\/International\/revelations-la-main-de-letranger-dans-le-coup-detat-medical-contre-bourguiba\/","title":{"rendered":"R\u00e9v\u00e9lations: La main de l\u2019\u00e9tranger dans le coup d\u2019\u00c9tat m\u00e9dical contre Bourguiba"},"content":{"rendered":"<div><img decoding=\"async\" src=\"https:\/\/linitiative.ca\/International\/wp-content\/uploads\/sites\/23\/2021\/09\/1631888774_article.jpg\" alt=\"R\u00e9v\u00e9lations: La main de l\u2019\u00e9tranger dans le coup d\u2019\u00c9tat m\u00e9dical contre Bourguiba\" align=\"left\">L&rsquo;Alg\u00e9rie et l\u2019Italie \u00e9taient-elles \u00ab au parfum \u00bb du projet de Ben Ali de destituer Bourguiba le 7 novembre 1987 ? Si de nombreux t\u00e9moins le nient farouchement, l\u2019historien Khalifa Chater avance des th\u00e8ses probantes dans un livre qu\u2019il vient de publier sous le titre de L\u2019\u00e8re Bourguiba, paru chez AC \u00c9ditions. Citant le t\u00e9moignage de l\u2019amiral Fulvio Martini, ancien chef des services secrets italiens (Sismi), sous le gouvernement de Bettino Craxi, il n\u2019exclut pas un soutien actif de l\u2019Alg\u00e9rie et de l\u2019Italie.<br \/>\nQuant \u00e0 l\u2019ambassadeur des \u00c9tats-Unis d\u2019Am\u00e9rique, Robert Pelletreau, il affirme n\u2019en avoir \u00e9t\u00e9 averti que t\u00f4t le matin, le 7 novembre, par H\u00e9di &#8230;<\/p>\n<\/div>\n<p>Auteur:<br \/>\n<a href=\"https:\/\/www.leaders.com.tn\/article\/32425-revelations-la-main-de-l-etranger-dans-le-coup-d-etat-medical-contre-bourguiba\">Cliquez ici pour lire l&rsquo;article depuis sa source.<\/a><\/p>\n","protected":false},"excerpt":{"rendered":"<p>L&rsquo;Alg\u00e9rie et l\u2019Italie \u00e9taient-elles \u00ab au parfum \u00bb du projet de Ben Ali de destituer Bourguiba le 7 novembre 1987 ? Si de nombreux t\u00e9moins le nient farouchement, l\u2019historien Khalifa Chater avance des th\u00e8ses probantes dans un livre qu\u2019il vient de publier sous le titre de L\u2019\u00e8re Bourguiba, paru chez AC \u00c9ditions. Citant le t\u00e9moignage [&hellip;]<\/p>\n","protected":false},"author":1772,"featured_media":0,"comment_status":"closed","ping_status":"closed","sticky":false,"template":"","format":"standard","meta":{"fifu_image_url":"http:\/\/www.leaders.com.tn\/uploads\/content\/thumbnails_small\/1631888774_article.jpg","fifu_image_alt":"R\u00e9v\u00e9lations: La main de l\u2019\u00e9tranger dans le coup d\u2019\u00c9tat m\u00e9dical contre Bourguiba","footnotes":""},"categories":[73,55],"tags":[],"class_list":["post-127458","post","type-post","status-publish","format-standard","hentry","category-actualite","category-tunisie"],"_links":{"self":[{"href":"https:\/\/linitiative.ca\/International\/wp-json\/wp\/v2\/posts\/127458","targetHints":{"allow":["GET"]}}],"collection":[{"href":"https:\/\/linitiative.ca\/International\/wp-json\/wp\/v2\/posts"}],"about":[{"href":"https:\/\/linitiative.ca\/International\/wp-json\/wp\/v2\/types\/post"}],"author":[{"embeddable":true,"href":"https:\/\/linitiative.ca\/International\/wp-json\/wp\/v2\/users\/1772"}],"replies":[{"embeddable":true,"href":"https:\/\/linitiative.ca\/International\/wp-json\/wp\/v2\/comments?post=127458"}],"version-history":[{"count":0,"href":"https:\/\/linitiative.ca\/International\/wp-json\/wp\/v2\/posts\/127458\/revisions"}],"wp:attachment":[{"href":"https:\/\/linitiative.ca\/International\/wp-json\/wp\/v2\/media?parent=127458"}],"wp:term":[{"taxonomy":"category","embeddable":true,"href":"https:\/\/linitiative.ca\/International\/wp-json\/wp\/v2\/categories?post=127458"},{"taxonomy":"post_tag","embeddable":true,"href":"https:\/\/linitiative.ca\/International\/wp-json\/wp\/v2\/tags?post=127458"}],"curies":[{"name":"wp","href":"https:\/\/api.w.org\/{rel}","templated":true}]}}