{"id":127465,"date":"2021-09-18T13:51:27","date_gmt":"2021-09-18T17:51:27","guid":{"rendered":"https:\/\/linitiative.ca\/International\/une-nouvelle-ferme-solaire-au-nord-du-maroc-bientot-en-service\/"},"modified":"2021-09-18T13:51:27","modified_gmt":"2021-09-18T17:51:27","slug":"une-nouvelle-ferme-solaire-au-nord-du-maroc-bientot-en-service","status":"publish","type":"post","link":"https:\/\/linitiative.ca\/International\/une-nouvelle-ferme-solaire-au-nord-du-maroc-bientot-en-service\/","title":{"rendered":"Une nouvelle ferme solaire au nord du Maroc bient\u00f4t en service"},"content":{"rendered":"<div><img decoding=\"async\" width=\"945\" height=\"612\" src=\"https:\/\/linitiative.ca\/International\/wp-content\/uploads\/sites\/23\/2021\/09\/solaire.jpg\" class=\"attachment-post-thumbnail size-post-thumbnail wp-post-image\" alt=\"\" loading=\"lazy\" srcset=\"https:\/\/linitiative.ca\/International\/wp-content\/uploads\/sites\/23\/2021\/09\/solaire.jpg 945w, https:\/\/www.challenge.ma\/wp-content\/uploads\/2021\/09\/solaire-300x194.jpg 300w, https:\/\/www.challenge.ma\/wp-content\/uploads\/2021\/09\/solaire-768x497.jpg 768w, https:\/\/www.challenge.ma\/wp-content\/uploads\/2021\/09\/solaire-360x233.jpg 360w, https:\/\/www.challenge.ma\/wp-content\/uploads\/2021\/09\/solaire-750x486.jpg 750w\" sizes=\"auto, (max-width: 945px) 100vw, 945px\" itemprop=\"image\">Apr\u00e8s la ferme \u00e9olienne de Oualidia qui a livr\u00e9 ses premiers KwH verts au cours du premier trimestre 2021, c\u2019est au tour d\u2019un autre projet de venir renforcer la capacit\u00e9 marocaine totale en production d\u2019\u00e9lectricit\u00e9 \u00e0 base d\u2019\u00e9nergies renouvelables. Le producteur ind\u00e9pendant d\u2019\u00e9nergies Greenpower Morocco 2 s\u2019appr\u00eate \u00e0 faire entrer<\/div>\n<p>Auteur: challenge<br \/>\n<a href=\"https:\/\/www.challenge.ma\/une-nouvelle-ferme-solaire-au-nord-du-maroc-bientot-en-service-221155\/\">Cliquez ici pour lire l&rsquo;article depuis sa source.<\/a><\/p>\n","protected":false},"excerpt":{"rendered":"<p>Apr\u00e8s la ferme \u00e9olienne de Oualidia qui a livr\u00e9 ses premiers KwH verts au cours du premier trimestre 2021, c\u2019est au tour d\u2019un autre projet de venir renforcer la capacit\u00e9 marocaine totale en production d\u2019\u00e9lectricit\u00e9 \u00e0 base d\u2019\u00e9nergies renouvelables. Le producteur ind\u00e9pendant d\u2019\u00e9nergies Greenpower Morocco 2 s\u2019appr\u00eate \u00e0 faire entrer Auteur: challenge Cliquez ici pour [&hellip;]<\/p>\n","protected":false},"author":1787,"featured_media":0,"comment_status":"closed","ping_status":"closed","sticky":false,"template":"","format":"standard","meta":{"fifu_image_url":"https:\/\/www.challenge.ma\/wp-content\/uploads\/2021\/09\/solaire.jpg","fifu_image_alt":"Une nouvelle ferme solaire au nord du Maroc bient\u00f4t en service","footnotes":""},"categories":[78,54],"tags":[],"class_list":["post-127465","post","type-post","status-publish","format-standard","hentry","category-economie","category-maroc"],"_links":{"self":[{"href":"https:\/\/linitiative.ca\/International\/wp-json\/wp\/v2\/posts\/127465","targetHints":{"allow":["GET"]}}],"collection":[{"href":"https:\/\/linitiative.ca\/International\/wp-json\/wp\/v2\/posts"}],"about":[{"href":"https:\/\/linitiative.ca\/International\/wp-json\/wp\/v2\/types\/post"}],"author":[{"embeddable":true,"href":"https:\/\/linitiative.ca\/International\/wp-json\/wp\/v2\/users\/1787"}],"replies":[{"embeddable":true,"href":"https:\/\/linitiative.ca\/International\/wp-json\/wp\/v2\/comments?post=127465"}],"version-history":[{"count":0,"href":"https:\/\/linitiative.ca\/International\/wp-json\/wp\/v2\/posts\/127465\/revisions"}],"wp:attachment":[{"href":"https:\/\/linitiative.ca\/International\/wp-json\/wp\/v2\/media?parent=127465"}],"wp:term":[{"taxonomy":"category","embeddable":true,"href":"https:\/\/linitiative.ca\/International\/wp-json\/wp\/v2\/categories?post=127465"},{"taxonomy":"post_tag","embeddable":true,"href":"https:\/\/linitiative.ca\/International\/wp-json\/wp\/v2\/tags?post=127465"}],"curies":[{"name":"wp","href":"https:\/\/api.w.org\/{rel}","templated":true}]}}