{"id":127469,"date":"2021-09-18T16:58:48","date_gmt":"2021-09-18T20:58:48","guid":{"rendered":"https:\/\/linitiative.ca\/International\/tunisie-baraoumi-les-manifestations-continueront-jusquau-retrait-de-la-confiance-de-kais-saied\/"},"modified":"2021-09-18T16:58:48","modified_gmt":"2021-09-18T20:58:48","slug":"tunisie-baraoumi-les-manifestations-continueront-jusquau-retrait-de-la-confiance-de-kais-saied","status":"publish","type":"post","link":"https:\/\/linitiative.ca\/International\/tunisie-baraoumi-les-manifestations-continueront-jusquau-retrait-de-la-confiance-de-kais-saied\/","title":{"rendered":"Tunisie \u2013 Baraoumi\u00a0: Les manifestations continueront jusqu\u2019au retrait de la confiance de Ka\u00efs Sa\u00efed"},"content":{"rendered":"<div>\n<p>Le leader au sein d\u2019Ennahdha, Khalil Baraoumi, a annonc\u00e9 sur sa page facebook, que les manifestations contre Ka\u00efs Sa\u00efed visent \u00e0 annuler ses d\u00e9cisions quand au gel de l\u2019ARP et l\u2019application de l\u2019article 80 de la constitution. Il a assur\u00e9 que ces manifestations continueront jusqu\u2019\u00e0 annulation de ces d\u00e9cisions et retour \u00e0 la constitution. Sinon, [\u2026]<\/p>\n<p>L\u2019article <a href=\"https:\/\/www.tunisienumerique.com\/tunisie-baraoumi-les-manifestations-continueront-jusquau-retrait-de-la-confiance-de-kais-saied\/\">Tunisie \u2013 Baraoumi\u00a0: Les manifestations continueront jusqu\u2019au retrait de la confiance de Ka\u00efs Sa\u00efed<\/a> est apparu en premier sur <a href=\"https:\/\/www.tunisienumerique.com\/\">Tunisie<\/a>.<\/p>\n<\/div>\n<p>Auteur: LM<br \/>\n<a href=\"https:\/\/www.tunisienumerique.com\/tunisie-baraoumi-les-manifestations-continueront-jusquau-retrait-de-la-confiance-de-kais-saied\/\">Cliquez ici pour lire l&rsquo;article depuis sa source.<\/a><\/p>\n","protected":false},"excerpt":{"rendered":"<p>Le leader au sein d\u2019Ennahdha, Khalil Baraoumi, a annonc\u00e9 sur sa page facebook, que les manifestations contre Ka\u00efs Sa\u00efed visent \u00e0 annuler ses d\u00e9cisions quand au gel de l\u2019ARP et l\u2019application de l\u2019article 80 de la constitution. Il a assur\u00e9 que ces manifestations continueront jusqu\u2019\u00e0 annulation de ces d\u00e9cisions et retour \u00e0 la constitution. Sinon, [&hellip;]<\/p>\n","protected":false},"author":1789,"featured_media":0,"comment_status":"closed","ping_status":"closed","sticky":false,"template":"","format":"standard","meta":{"fifu_image_url":"","fifu_image_alt":"","footnotes":""},"categories":[73,55],"tags":[],"class_list":["post-127469","post","type-post","status-publish","format-standard","hentry","category-actualite","category-tunisie"],"_links":{"self":[{"href":"https:\/\/linitiative.ca\/International\/wp-json\/wp\/v2\/posts\/127469","targetHints":{"allow":["GET"]}}],"collection":[{"href":"https:\/\/linitiative.ca\/International\/wp-json\/wp\/v2\/posts"}],"about":[{"href":"https:\/\/linitiative.ca\/International\/wp-json\/wp\/v2\/types\/post"}],"author":[{"embeddable":true,"href":"https:\/\/linitiative.ca\/International\/wp-json\/wp\/v2\/users\/1789"}],"replies":[{"embeddable":true,"href":"https:\/\/linitiative.ca\/International\/wp-json\/wp\/v2\/comments?post=127469"}],"version-history":[{"count":0,"href":"https:\/\/linitiative.ca\/International\/wp-json\/wp\/v2\/posts\/127469\/revisions"}],"wp:attachment":[{"href":"https:\/\/linitiative.ca\/International\/wp-json\/wp\/v2\/media?parent=127469"}],"wp:term":[{"taxonomy":"category","embeddable":true,"href":"https:\/\/linitiative.ca\/International\/wp-json\/wp\/v2\/categories?post=127469"},{"taxonomy":"post_tag","embeddable":true,"href":"https:\/\/linitiative.ca\/International\/wp-json\/wp\/v2\/tags?post=127469"}],"curies":[{"name":"wp","href":"https:\/\/api.w.org\/{rel}","templated":true}]}}