{"id":127470,"date":"2021-09-18T17:03:46","date_gmt":"2021-09-18T21:03:46","guid":{"rendered":"https:\/\/linitiative.ca\/International\/france-crise-des-sous-marins-jean-yves-le-drian-denonce-le-mensonge\/"},"modified":"2021-09-18T17:03:46","modified_gmt":"2021-09-18T21:03:46","slug":"france-crise-des-sous-marins-jean-yves-le-drian-denonce-le-mensonge","status":"publish","type":"post","link":"https:\/\/linitiative.ca\/International\/france-crise-des-sous-marins-jean-yves-le-drian-denonce-le-mensonge\/","title":{"rendered":"France-Crise des sous-marins : Jean-Yves Le Drian d\u00e9nonce le \u201cmensonge\u201d"},"content":{"rendered":"<div>\n<p>Le ministre fran\u00e7ais des Affaires Etrang\u00e8res, Jean-Yves Le Drian a d\u00e9nonc\u00e9 ce samedi sur une chaine t\u00e9l\u00e9vis\u00e9e nationale, le sabotage d\u2019un m\u00e9ga-contrat de sous-marins fran\u00e7ais \u00e0 Canberra \u2013 Australie. Qualifiant cet incident \u00ab\u00a0crise grave\u00a0\u00bb et d\u00e9non\u00e7ant un \u00ab\u00a0mensonge\u00a0\u00bb, une \u00ab\u00a0duplicit\u00e9\u00a0\u00bb, une \u00ab\u00a0rupture majeure de confiance\u00a0\u00bb et un \u00ab\u00a0m\u00e9pris\u00a0\u00bb de la part des alli\u00e9s de la [\u2026]<\/p>\n<p>L\u2019article <a href=\"https:\/\/www.tunisienumerique.com\/france-crise-des-sous-marins-jean-yves-le-drian-denonce-le-mensonge\/\">France-Crise des sous-marins : Jean-Yves Le Drian d\u00e9nonce le \u201cmensonge\u201d<\/a> est apparu en premier sur <a href=\"https:\/\/www.tunisienumerique.com\/\">Tunisie<\/a>.<\/p>\n<\/div>\n<p>Auteur: rania ben slimane<br \/>\n<a href=\"https:\/\/www.tunisienumerique.com\/france-crise-des-sous-marins-jean-yves-le-drian-denonce-le-mensonge\/\">Cliquez ici pour lire l&rsquo;article depuis sa source.<\/a><\/p>\n","protected":false},"excerpt":{"rendered":"<p>Le ministre fran\u00e7ais des Affaires Etrang\u00e8res, Jean-Yves Le Drian a d\u00e9nonc\u00e9 ce samedi sur une chaine t\u00e9l\u00e9vis\u00e9e nationale, le sabotage d\u2019un m\u00e9ga-contrat de sous-marins fran\u00e7ais \u00e0 Canberra \u2013 Australie. Qualifiant cet incident \u00ab\u00a0crise grave\u00a0\u00bb et d\u00e9non\u00e7ant un \u00ab\u00a0mensonge\u00a0\u00bb, une \u00ab\u00a0duplicit\u00e9\u00a0\u00bb, une \u00ab\u00a0rupture majeure de confiance\u00a0\u00bb et un \u00ab\u00a0m\u00e9pris\u00a0\u00bb de la part des alli\u00e9s de la [&hellip;]<\/p>\n","protected":false},"author":1789,"featured_media":0,"comment_status":"closed","ping_status":"closed","sticky":false,"template":"","format":"standard","meta":{"fifu_image_url":"","fifu_image_alt":"","footnotes":""},"categories":[73,55],"tags":[],"class_list":["post-127470","post","type-post","status-publish","format-standard","hentry","category-actualite","category-tunisie"],"_links":{"self":[{"href":"https:\/\/linitiative.ca\/International\/wp-json\/wp\/v2\/posts\/127470","targetHints":{"allow":["GET"]}}],"collection":[{"href":"https:\/\/linitiative.ca\/International\/wp-json\/wp\/v2\/posts"}],"about":[{"href":"https:\/\/linitiative.ca\/International\/wp-json\/wp\/v2\/types\/post"}],"author":[{"embeddable":true,"href":"https:\/\/linitiative.ca\/International\/wp-json\/wp\/v2\/users\/1789"}],"replies":[{"embeddable":true,"href":"https:\/\/linitiative.ca\/International\/wp-json\/wp\/v2\/comments?post=127470"}],"version-history":[{"count":0,"href":"https:\/\/linitiative.ca\/International\/wp-json\/wp\/v2\/posts\/127470\/revisions"}],"wp:attachment":[{"href":"https:\/\/linitiative.ca\/International\/wp-json\/wp\/v2\/media?parent=127470"}],"wp:term":[{"taxonomy":"category","embeddable":true,"href":"https:\/\/linitiative.ca\/International\/wp-json\/wp\/v2\/categories?post=127470"},{"taxonomy":"post_tag","embeddable":true,"href":"https:\/\/linitiative.ca\/International\/wp-json\/wp\/v2\/tags?post=127470"}],"curies":[{"name":"wp","href":"https:\/\/api.w.org\/{rel}","templated":true}]}}