{"id":127472,"date":"2021-09-18T04:18:01","date_gmt":"2021-09-18T08:18:01","guid":{"rendered":"https:\/\/linitiative.ca\/International\/politique-gouvernance-et-economie-a-la-une-de-la-presse-senegalaise\/"},"modified":"2021-09-18T04:18:01","modified_gmt":"2021-09-18T08:18:01","slug":"politique-gouvernance-et-economie-a-la-une-de-la-presse-senegalaise","status":"publish","type":"post","link":"https:\/\/linitiative.ca\/International\/politique-gouvernance-et-economie-a-la-une-de-la-presse-senegalaise\/","title":{"rendered":"Politique, gouvernance et \u00e9conomie \u00e0 la Une de la presse s\u00e9n\u00e9galaise"},"content":{"rendered":"<div>\n<p><img loading=\"lazy\" decoding=\"async\" width=\"250\" height=\"200\" src=\"https:\/\/linitiative.ca\/International\/wp-content\/uploads\/sites\/23\/2021\/09\/16319530828851.jpg\" class=\"attachment-post-thumbnail size-post-thumbnail wp-post-image\" alt=\"\"><\/p>\n<p>Les quotidiens s\u00e9n\u00e9galais re\u00e7us, ce samedi \u00e0 APA, mettent l&rsquo;accent sur la tentative de manifestation contre la vie ch\u00e8re, la lutte contre la corruption et la Revue annuelle conjointe (RAC) du minist\u00e8re de l&rsquo;\u00c9conomie, du Plan et de la Coop\u00e9ration.\u00a0\u00bbInterdits de marche par le Pr\u00e9fet: Guy Marius Sagna et Cie d\u00e9fient l&rsquo;autorit\u00e9\u00a0\u00bb, rapporte Le Mandat dans sa manchette.<\/p>\n<p>\u00ab\u00a0Manifestation contre la vie ch\u00e8re: La marche r\u00e9prim\u00e9e\u00a0\u00bb, titre EnQu\u00eate, expliquant que la place de la nation a \u00e9t\u00e9 bunkeris\u00e9e par des forces de s\u00e9curit\u00e9 et de d\u00e9fense intraitables.<\/p>\n<p>Pour L&rsquo;Info, venus braver l&rsquo;interdiction pr\u00e9fectorale, des membres de Nioo Lank ont \u00e9t\u00e9 malmen\u00e9s et arr\u00eat\u00e9s par la police. \u00ab\u00a0Une dizaine de manifestants arr\u00eat\u00e9s lors de la manifestation contre la chert\u00e9 des denr\u00e9es alimentaires: Nioo Lank en col\u00e8re\u00a0\u00bb, rench\u00e9rit Source A.<\/p>\n<p>Pour Vox Populi, \u00ab\u00a0la police fait avorter la manif: 23 organisations d\u00e9noncent des arrestations abusives et prises d&rsquo;otages\u00a0\u00bb.<\/p>\n<p>Ce journal revient sur la gouvernance et informe que \u00ab\u00a0Macky Sall veut un S\u00e9n\u00e9gal sans fraude ni corruption\u00a0\u00bb.<\/p>\n<p>\u00ab\u00a0Macky Sall sur la lutte contre la corruption: Elle doit \u00eatre un combat de tous les jours\u00a0\u00bb, lit-on \u00e0 la Une du Soleil, \u00e0 c\u00f4t\u00e9 de L&rsquo;Info qui ajoute: \u00ab\u00a0Corruption au S\u00e9n\u00e9gal: Macky en croisade contre le fl\u00e9au\u00a0\u00bb.<\/p>\n<p>En politique, Sud Quotidien s&rsquo; int\u00e9resse \u00e0 la conservation des acquis des alli\u00e9s dans la coalition Benno Bokk Yakkar \u00a0(majorit\u00e9 pr\u00e9sidentielle) lors des investitures pour les \u00e9lections locales et voit \u00ab\u00a0Mack face \u00e0 un dilemme corn\u00e9lien\u00a0\u00bb.<\/p>\n<p>\u00ab\u00a0Yewwi Askan Wi-Un duo dans la coalition: Sonko-Barth, un jeu d&rsquo;int\u00e9r\u00eats\u00a0\u00bb, titre L&rsquo;Observateur.<\/p>\n<p>Apr\u00e8s la publication de la vid\u00e9o de son arrestation pour trafic de faux billets de banque, Le Quotidien parle de \u00ab\u00a0Bouga en flagrant Zelli\u00a0\u00bb.<\/p>\n<p>\u00ab\u00a0Bougazelli l&rsquo;accuse d&rsquo;avoir fuit\u00e9 sa vid\u00e9o: La gendarmerie conteste\u00a0\u00bb, note Source A.<\/p>\n<p>Parlant d&rsquo;\u00e9conomie, Les \u00c9chos informe que \u00ab\u00a0l&rsquo;UE et les partenaires dictent leurs lois au S\u00e9n\u00e9gal\u00a0\u00bb et exigent la publication des rapports de la Cour des comptes et de l&rsquo;ARMP.<\/p>\n<p>\u00ab\u00a0\u00c9conomie relanc\u00e9e avec la baisse de la Covid: la restauration et l&rsquo;h\u00e9bergement reprennent vie\u00a0\u00bb, constate L&rsquo;As.<\/p>\n<p>Cet article <a rel=\"nofollow\" href=\"https:\/\/www.journalducameroun.com\/politique-gouvernance-et-economie-a-la-une-de-la-presse-senegalaise\/\">Politique, gouvernance et \u00e9conomie \u00e0 la Une de la presse s\u00e9n\u00e9galaise<\/a> est apparu en premier sur <a rel=\"nofollow\" href=\"https:\/\/www.journalducameroun.com\/\">Journal du Cameroun<\/a>.<\/p>\n<\/div>\n<p>Auteur: APA News<br \/>\n<a href=\"https:\/\/www.journalducameroun.com\/politique-gouvernance-et-economie-a-la-une-de-la-presse-senegalaise\/\">Cliquez ici pour lire l&rsquo;article depuis sa source.<\/a><\/p>\n","protected":false},"excerpt":{"rendered":"<p>Les quotidiens s\u00e9n\u00e9galais re\u00e7us, ce samedi \u00e0 APA, mettent l&rsquo;accent sur la tentative de manifestation contre la vie ch\u00e8re, la lutte contre la corruption et la Revue annuelle conjointe (RAC) du minist\u00e8re de l&rsquo;\u00c9conomie, du Plan et de la Coop\u00e9ration.\u00a0\u00bbInterdits de marche par le Pr\u00e9fet: Guy Marius Sagna et Cie d\u00e9fient l&rsquo;autorit\u00e9\u00a0\u00bb, rapporte Le Mandat [&hellip;]<\/p>\n","protected":false},"author":1965,"featured_media":0,"comment_status":"closed","ping_status":"closed","sticky":false,"template":"","format":"standard","meta":{"fifu_image_url":"https:\/\/www.journalducameroun.com\/wp-content\/uploads\/2021\/09\/16319530828851.jpg","fifu_image_alt":"Politique, gouvernance et \u00e9conomie \u00e0 la Une de la presse s\u00e9n\u00e9galaise","footnotes":""},"categories":[73,82],"tags":[],"class_list":["post-127472","post","type-post","status-publish","format-standard","hentry","category-actualite","category-cameroun"],"_links":{"self":[{"href":"https:\/\/linitiative.ca\/International\/wp-json\/wp\/v2\/posts\/127472","targetHints":{"allow":["GET"]}}],"collection":[{"href":"https:\/\/linitiative.ca\/International\/wp-json\/wp\/v2\/posts"}],"about":[{"href":"https:\/\/linitiative.ca\/International\/wp-json\/wp\/v2\/types\/post"}],"author":[{"embeddable":true,"href":"https:\/\/linitiative.ca\/International\/wp-json\/wp\/v2\/users\/1965"}],"replies":[{"embeddable":true,"href":"https:\/\/linitiative.ca\/International\/wp-json\/wp\/v2\/comments?post=127472"}],"version-history":[{"count":0,"href":"https:\/\/linitiative.ca\/International\/wp-json\/wp\/v2\/posts\/127472\/revisions"}],"wp:attachment":[{"href":"https:\/\/linitiative.ca\/International\/wp-json\/wp\/v2\/media?parent=127472"}],"wp:term":[{"taxonomy":"category","embeddable":true,"href":"https:\/\/linitiative.ca\/International\/wp-json\/wp\/v2\/categories?post=127472"},{"taxonomy":"post_tag","embeddable":true,"href":"https:\/\/linitiative.ca\/International\/wp-json\/wp\/v2\/tags?post=127472"}],"curies":[{"name":"wp","href":"https:\/\/api.w.org\/{rel}","templated":true}]}}