{"id":127476,"date":"2021-09-18T05:18:02","date_gmt":"2021-09-18T09:18:02","guid":{"rendered":"https:\/\/linitiative.ca\/International\/ouverture-a-yamoussoukro-dune-formation-de-jeunes-leaders-face-aux-discours-de-haine\/"},"modified":"2021-09-18T05:18:02","modified_gmt":"2021-09-18T09:18:02","slug":"ouverture-a-yamoussoukro-dune-formation-de-jeunes-leaders-face-aux-discours-de-haine","status":"publish","type":"post","link":"https:\/\/linitiative.ca\/International\/ouverture-a-yamoussoukro-dune-formation-de-jeunes-leaders-face-aux-discours-de-haine\/","title":{"rendered":"Ouverture \u00e0 Yamoussoukro d\u2019une formation de jeunes leaders face aux discours de haine"},"content":{"rendered":"<div>\n<p><img loading=\"lazy\" decoding=\"async\" width=\"1080\" height=\"486\" src=\"https:\/\/linitiative.ca\/International\/wp-content\/uploads\/sites\/23\/2021\/09\/16319566827416.jpg\" class=\"attachment-post-thumbnail size-post-thumbnail wp-post-image\" alt=\"\" srcset=\"https:\/\/linitiative.ca\/International\/wp-content\/uploads\/sites\/23\/2021\/09\/16319566827416.jpg 1080w, https:\/\/www.journalducameroun.com\/wp-content\/uploads\/2021\/09\/16319566827416-300x135.jpg 300w, https:\/\/www.journalducameroun.com\/wp-content\/uploads\/2021\/09\/16319566827416-768x346.jpg 768w, https:\/\/www.journalducameroun.com\/wp-content\/uploads\/2021\/09\/16319566827416-1024x461.jpg 1024w, https:\/\/www.journalducameroun.com\/wp-content\/uploads\/2021\/09\/16319566827416-978x440.jpg 978w, https:\/\/www.journalducameroun.com\/wp-content\/uploads\/2021\/09\/16319566827416-600x270.jpg 600w\" sizes=\"auto, (max-width: 1080px) 100vw, 1080px\"><\/p>\n<p>Un s\u00e9minaire de formation de jeunes leaders de plusieurs villes de la C\u00f4te d&rsquo;Ivoire s&rsquo;est ouvert, jeudi, \u00e0 Yamoussoukro, dans la capitale politique et administrative ivoirienne.<\/p>\n<p>Destin\u00e9 \u00e0 accompagner les participants dans la cr\u00e9ation de plateformes locales avec des m\u00e9canismes d&rsquo;alerte pr\u00e9coces et de r\u00e9ponses aux rumeurs et discours de haine, ce s\u00e9minaire de trois jours qui b\u00e9n\u00e9ficie de l&rsquo;appui financier du Programme des Nations unies pour le d\u00e9veloppement (Pnud) est ex\u00e9cut\u00e9 par le R\u00e9seau des professionnels de la presse en ligne de C\u00f4te d&rsquo;Ivoire (Repprelci), la fa\u00eeti\u00e8re des m\u00e9dias num\u00e9riques ivoiriens.<\/p>\n<p>Trente jeunes venus d&rsquo;Abidjan, la capitale \u00e9conomique ivoirienne et de plusieurs villes de l&rsquo;int\u00e9rieur du pays, notamment Bouak\u00e9, Ti\u00e9bissou, Bouafl\u00e9, Yamoussoukro et Toumodi participent \u00e0 cette session de formation qui refermera ses portes, dimanche.<\/p>\n<p>Les travaux, ouverts vendredi, \u00e0 l&rsquo;H\u00f4tel des parlementaires de Yamoussoukro, regroupent des professionnels des m\u00e9dias, des jeunes leaders d&rsquo;opinion, de communaut\u00e9s ethniques et religieuses ainsi que des repr\u00e9sentants de minist\u00e8res.<\/p>\n<p>Engag\u00e9 dans la lutte contre les fake news (fausses nouvelles), et dot\u00e9 d&rsquo;une expertise dans l&rsquo;\u00e9ducation aux m\u00e9dias et \u00e0 l&rsquo;information ainsi que dans la sensibilisation citoyenne, le Repprelci promet de rester fid\u00e8le \u00e0 ses missions d&rsquo;organiser, structurer et promouvoir des m\u00e9dias num\u00e9riques professionnels et de qualit\u00e9 en C\u00f4te d&rsquo;Ivoire.<\/p>\n<p>Selon son pr\u00e9sident, Lassina Serm\u00e9, l&rsquo;objectif de ce s\u00e9minaire de renforcement des capacit\u00e9s de jeunes leaders est de \u00abdoter ces derniers d&rsquo;outils ad\u00e9quats, de moyens techniques, strat\u00e9giques et p\u00e9dagogiques dans un cadre d&rsquo;\u00e9change et de dialogue en vue d&rsquo;apporter des solutions durables pour la paix et la coh\u00e9sion sociale, n\u00e9cessaires pour un vivre-ensemble harmonieux dans nos communes, quartiers et villages \u00bb.<\/p>\n<p>En effet, a poursuivi M. Serm\u00e9, les rumeurs et les discours de haine prennent en C\u00f4te d&rsquo;Ivoire, des proportions parfois inqui\u00e9tantes avec le d\u00e9veloppement des nouvelles technologies de l&rsquo;information et de la communication.<\/p>\n<p>\u00ab Les r\u00e9seaux sociaux occupent la vie en jouant un r\u00f4le pr\u00e9pond\u00e9rant dans tous les secteurs, obligeant les gouvernants et les acteurs du quatri\u00e8me pouvoir que repr\u00e9sente la presse \u00e0 se lancer dans la recherche de strat\u00e9gies de lutte contre ce vecteur qui trouble et d\u00e9stabilise la qui\u00e9tude de la population \u00bb, a-t-il fait savoir, soulignant une jeunesse tr\u00e8s active sur les r\u00e9seaux sociaux qui se laisse parfois manipul\u00e9e.<\/p>\n<p>\u00ab L&rsquo;appropriation d&rsquo;une attitude ad\u00e9quate face aux rumeurs et aux discours de haine peut nous conduire \u00e0 un climat de paix durable \u00bb, a conclu le pr\u00e9sident du Repprelci.<\/p>\n<p>M. Peyogori Ouattara, Repr\u00e9sentant la Repr\u00e9sentante r\u00e9sidente du Pnud en C\u00f4te d&rsquo;Ivoire Carol Flore-Smereczniak, a traduit l&rsquo;engagement de son institution \u00e0 accompagner l&rsquo;initiative du Repprelci dans la recherche de solutions pour la paix.<\/p>\n<p>Car, a-t-il expliqu\u00e9, \u00ab le Pnud qui est une agence des Nations unies par excellence en charge des questions de d\u00e9veloppement est conscient de ce que il ne peut y avoir de d\u00e9veloppement s&rsquo;il n&rsquo;y a pas de paix \u00bb. \u00a0 \u00a0 \u00a0 \u00a0 \u00a0<\/p>\n<p>Pour le Repr\u00e9sentant du Pnud, face aux messages \u00ab clivants sur la base de pr\u00e9jug\u00e9s et de st\u00e9r\u00e9otypes \u00bb qui foisonnent sur les r\u00e9seaux sociaux, \u00ab il \u00e9tait temps de pouvoir entreprendre des initiatives pour pouvoir lutter efficacement contre les d\u00e9rives constat\u00e9es \u00bb sur ces plateformes num\u00e9riques.<\/p>\n<p>Pour lui, les journalistes et les leaders communautaires sont tr\u00e8s bien plac\u00e9s pour mener \u00e0 bien cette lutte quotidienne pour la paix et le d\u00e9veloppement. D&rsquo;o\u00f9 l&rsquo;int\u00e9r\u00eat particulier qu&rsquo;accorde son institution aux r\u00e9solutions qui sortiront de ce s\u00e9minaire.<\/p>\n<p>Le pr\u00e9sident de l&rsquo;Observatoire de la libert\u00e9 de la presse, de l&rsquo;\u00e9thique et de la d\u00e9ontologie (Olped), et \u00e9minent journaliste Zio Moussa a prononc\u00e9 la conf\u00e9rence inaugurale sur le th\u00e8me du s\u00e9minaire \u00ab le jeune leader face aux rumeurs et discours de haine \u00bb.<\/p>\n<p>Le premier module de ce s\u00e9minaire consacr\u00e9 au cadre juridique des nouveaux m\u00e9dias a \u00e9t\u00e9 anim\u00e9 par Dr Yves Youant, enseignant-chercheur \u00e0 l&rsquo;universit\u00e9 F\u00e9lix Houphou\u00ebt-Boigny d&rsquo;Abidjan.\u00a0<\/p>\n<p>Le second module intitul\u00e9, \u00ab la communication identitaire et non violente \u00bb a \u00e9t\u00e9 pr\u00e9sent\u00e9 par Dr Salom\u00e9 Dj\u00e8 de l&rsquo;ONG Terre d&rsquo;Union.<\/p>\n<p>La journ\u00e9e de samedi sera meubl\u00e9e par le troisi\u00e8me module sur \u00a0\u00ab les d\u00e9fis de la d\u00e9sinformation, outils et m\u00e9canismes de v\u00e9rification de fake news \u00bb, qui sera pr\u00e9sent\u00e9 par Mamady K\u00e9b\u00e9 de la plateforme de lutte contre les fake news, ivoirecheck.com.<\/p>\n<p>Le quatri\u00e8me module est consacr\u00e9 \u00e0 la Charte de bonne conduite des m\u00e9dias num\u00e9riques de C\u00f4te d&rsquo;Ivoire qui sera expliqu\u00e9e et comment\u00e9e par le pr\u00e9sident de l&rsquo;Olped, Zio Moussa.<\/p>\n<p>La mise en place d&rsquo;une plateforme locale d&rsquo;alerte pr\u00e9coces et de r\u00e9ponses aux rumeurs et discours de haine constituera le cinqui\u00e8me module.<\/p>\n<p>Cre\u0301e\u0301 en 2006, le REPPRELCI regroupe les acteurs de la presse nume\u0301rique en Co\u0302te d&rsquo;Ivoire. Cette fai\u0302tie\u0300re des me\u0301dias nume\u0301riques ivoiriens s&rsquo;est donne\u0301e pour mission d&rsquo;organiser, structurer et de promouvoir l&rsquo;e\u0301cosyste\u0300me de la presse nume\u0301rique en Co\u0302te d&rsquo;Ivoire.<\/p>\n<p>Cet article <a rel=\"nofollow\" href=\"https:\/\/www.journalducameroun.com\/ouverture-a-yamoussoukro-dune-formation-de-jeunes-leaders-face-aux-discours-de-haine\/\">Ouverture \u00e0 Yamoussoukro d\u2019une formation de jeunes leaders face aux discours de haine<\/a> est apparu en premier sur <a rel=\"nofollow\" href=\"https:\/\/www.journalducameroun.com\/\">Journal du Cameroun<\/a>.<\/p>\n<\/div>\n<p>Auteur: APA News<br \/>\n<a href=\"https:\/\/www.journalducameroun.com\/ouverture-a-yamoussoukro-dune-formation-de-jeunes-leaders-face-aux-discours-de-haine\/\">Cliquez ici pour lire l&rsquo;article depuis sa source.<\/a><\/p>\n","protected":false},"excerpt":{"rendered":"<p>Un s\u00e9minaire de formation de jeunes leaders de plusieurs villes de la C\u00f4te d&rsquo;Ivoire s&rsquo;est ouvert, jeudi, \u00e0 Yamoussoukro, dans la capitale politique et administrative ivoirienne. Destin\u00e9 \u00e0 accompagner les participants dans la cr\u00e9ation de plateformes locales avec des m\u00e9canismes d&rsquo;alerte pr\u00e9coces et de r\u00e9ponses aux rumeurs et discours de haine, ce s\u00e9minaire de trois [&hellip;]<\/p>\n","protected":false},"author":1965,"featured_media":0,"comment_status":"closed","ping_status":"closed","sticky":false,"template":"","format":"standard","meta":{"fifu_image_url":"https:\/\/www.journalducameroun.com\/wp-content\/uploads\/2021\/09\/16319566827416.jpg","fifu_image_alt":"Ouverture \u00e0 Yamoussoukro d\u2019une formation de jeunes leaders face aux discours de haine","footnotes":""},"categories":[73,82],"tags":[],"class_list":["post-127476","post","type-post","status-publish","format-standard","hentry","category-actualite","category-cameroun"],"_links":{"self":[{"href":"https:\/\/linitiative.ca\/International\/wp-json\/wp\/v2\/posts\/127476","targetHints":{"allow":["GET"]}}],"collection":[{"href":"https:\/\/linitiative.ca\/International\/wp-json\/wp\/v2\/posts"}],"about":[{"href":"https:\/\/linitiative.ca\/International\/wp-json\/wp\/v2\/types\/post"}],"author":[{"embeddable":true,"href":"https:\/\/linitiative.ca\/International\/wp-json\/wp\/v2\/users\/1965"}],"replies":[{"embeddable":true,"href":"https:\/\/linitiative.ca\/International\/wp-json\/wp\/v2\/comments?post=127476"}],"version-history":[{"count":0,"href":"https:\/\/linitiative.ca\/International\/wp-json\/wp\/v2\/posts\/127476\/revisions"}],"wp:attachment":[{"href":"https:\/\/linitiative.ca\/International\/wp-json\/wp\/v2\/media?parent=127476"}],"wp:term":[{"taxonomy":"category","embeddable":true,"href":"https:\/\/linitiative.ca\/International\/wp-json\/wp\/v2\/categories?post=127476"},{"taxonomy":"post_tag","embeddable":true,"href":"https:\/\/linitiative.ca\/International\/wp-json\/wp\/v2\/tags?post=127476"}],"curies":[{"name":"wp","href":"https:\/\/api.w.org\/{rel}","templated":true}]}}