{"id":127478,"date":"2021-09-18T08:18:02","date_gmt":"2021-09-18T12:18:02","guid":{"rendered":"https:\/\/linitiative.ca\/International\/politique-et-sport-au-menu-des-quotidiens-et-hebdomadaires-marocains\/"},"modified":"2021-09-18T08:18:02","modified_gmt":"2021-09-18T12:18:02","slug":"politique-et-sport-au-menu-des-quotidiens-et-hebdomadaires-marocains","status":"publish","type":"post","link":"https:\/\/linitiative.ca\/International\/politique-et-sport-au-menu-des-quotidiens-et-hebdomadaires-marocains\/","title":{"rendered":"Politique et sport au menu des quotidiens et hebdomadaires marocains"},"content":{"rendered":"<div>\n<p><img loading=\"lazy\" decoding=\"async\" width=\"287\" height=\"176\" src=\"https:\/\/linitiative.ca\/International\/wp-content\/uploads\/sites\/23\/2021\/09\/16319674829909.jpg\" class=\"attachment-post-thumbnail size-post-thumbnail wp-post-image\" alt=\"\"><\/p>\n<p>Le scrutin du 8 septembre et la coupe du monde de futsal sont les principaux sujets trait\u00e9s par les quotidiens et hebdomadaires marocains parus ce samedi.+Challenge+ \u00e9crit que l&rsquo;alternance d\u00e9mocratique \u00e0 laquelle nous avons assist\u00e9 le 8 septembre, a ses propres exigences, notamment la n\u00e9cessit\u00e9 de \u00ab pacifier le d\u00e9bat politique \u00bb et de ne pas \u00ab imposer des consensus factices \u00bb.<\/p>\n<p>Cet apaisement doit aussi conduire \u00e0 un travail l\u00e9gislatif plus fructueux, auquel doit participer l&rsquo;opposition et \u00ab non pas s&#8217;emmurer dans le vote n\u00e9gatif, m\u00eame quand les propositions de la majorit\u00e9 vont dans le bon sens \u00bb, rel\u00e8ve l&rsquo;hebdomadaire.<\/p>\n<p>Il souligne l&rsquo;importance majeure de respecter les choix des \u00e9lecteurs, qui \u00ab n&rsquo;ont pas c\u00e9d\u00e9 \u00e0 la balkanisation \u00bb, mais \u00ab ont opt\u00e9 pour le changement \u00bb, appelant le prochain ex\u00e9cutif \u00e0 tenir les promesses \u00e9lectorales, \u00ab sinon, nous sommes assur\u00e9s de perdre l&rsquo;adh\u00e9sion populaire au jeu d\u00e9mocratique, ce qui serait dramatique \u00bb.<\/p>\n<p>+Finances News Hebdo+ met en garde contre la perte de temps en cette p\u00e9riode \u00ab o\u00f9 les effets socio\u00e9conomiques de la pand\u00e9mie incitent \u00e0 retrouver les voies de la croissance et d\u00e9passer les s\u00e9quelles d&rsquo;un arr\u00eat brutal des chantiers macro\u00e9conomiques, aggrav\u00e9s par les restrictions qui perdurent \u00bb.<\/p>\n<p>Le choix port\u00e9 sur des formations politiques compos\u00e9es de cadres du monde des affaires et de l&rsquo;\u00e9conomie \u00ab confirme \u00bb l&rsquo;espoir des Marocains d&rsquo;atteindre une d\u00e9mocratie sociale, \u00ab o\u00f9 sont coupl\u00e9s \u00e9panouissement \u00e9conomique et justice sociale \u00bb, estime le journal, notant que le nouveau gouvernement cherchera \u00e0 rattraper le retard accus\u00e9 gr\u00e2ce aux ressources efficaces et efficientes dont disposent les formations du haut de tableau.<\/p>\n<p>De toutes les fa\u00e7ons, le vote du 8 septembre t\u00e9moigne de la volont\u00e9 au changement et aux solutions qui permettent la coh\u00e9sion sociale, rel\u00e8ve-t-il.<\/p>\n<p>De son c\u00f4t\u00e9, +La Nouvelle Tribune+ constate que l&rsquo;\u00e9lectorat marocain est conscient qu&rsquo;il est responsable, qu&rsquo;il est mature, et qu&rsquo;il n&rsquo;est pas pr\u00eat de \u00ab gober plusieurs ann\u00e9es les m\u00eames bobards \u00bb.<\/p>\n<p>La publication esp\u00e8re que cette nouvelle configuration permettra de \u00ab doter le pays d&rsquo;une Chambre des repr\u00e9sentants solide avec une \u00e9quipe gouvernementale structur\u00e9e et p\u00e9renne \u00bb.<\/p>\n<p>Au registre sportif, +Le Matin+ rapporte que la s\u00e9lection marocaine de futsal s&rsquo;est qualifi\u00e9e pour les huiti\u00e8mes de finale de la Coupe du monde qui se tient en Lituanie et ce, sur la base des r\u00e9sultats des matches disput\u00e9s vendredi.<\/p>\n<p>Le Maroc, deuxi\u00e8me de la poule C avec 4 points derri\u00e8re le Portugal (6 pts), qualifi\u00e9 \u00e9galement pour le prochain tour, est assur\u00e9 de terminer, au moins, parmi les quatre meilleurs troisi\u00e8mes des six groupes et atteint, ainsi, pour la premi\u00e8re fois dans l&rsquo;histoire le deuxi\u00e8me tour de ce rendez-vous mondial.<\/p>\n<p>Lors de la premi\u00e8re journ\u00e9e, le Maroc avait largement battu les Iles Salomon (6-0), avant d&rsquo;\u00eatre tenu en \u00e9chec par la Tha\u00eflande (1-1) lors de la deuxi\u00e8me journ\u00e9e.<\/p>\n<p>Cet article <a rel=\"nofollow\" href=\"https:\/\/www.journalducameroun.com\/politique-et-sport-au-menu-des-quotidiens-et-hebdomadaires-marocains\/\">Politique et sport au menu des quotidiens et hebdomadaires marocains<\/a> est apparu en premier sur <a rel=\"nofollow\" href=\"https:\/\/www.journalducameroun.com\/\">Journal du Cameroun<\/a>.<\/p>\n<\/div>\n<p>Auteur: APA News<br \/>\n<a href=\"https:\/\/www.journalducameroun.com\/politique-et-sport-au-menu-des-quotidiens-et-hebdomadaires-marocains\/\">Cliquez ici pour lire l&rsquo;article depuis sa source.<\/a><\/p>\n","protected":false},"excerpt":{"rendered":"<p>Le scrutin du 8 septembre et la coupe du monde de futsal sont les principaux sujets trait\u00e9s par les quotidiens et hebdomadaires marocains parus ce samedi.+Challenge+ \u00e9crit que l&rsquo;alternance d\u00e9mocratique \u00e0 laquelle nous avons assist\u00e9 le 8 septembre, a ses propres exigences, notamment la n\u00e9cessit\u00e9 de \u00ab pacifier le d\u00e9bat politique \u00bb et de ne [&hellip;]<\/p>\n","protected":false},"author":1965,"featured_media":0,"comment_status":"closed","ping_status":"closed","sticky":false,"template":"","format":"standard","meta":{"fifu_image_url":"https:\/\/www.journalducameroun.com\/wp-content\/uploads\/2021\/09\/16319674829909.jpg","fifu_image_alt":"Politique et sport au menu des quotidiens et hebdomadaires marocains","footnotes":""},"categories":[73,82],"tags":[],"class_list":["post-127478","post","type-post","status-publish","format-standard","hentry","category-actualite","category-cameroun"],"_links":{"self":[{"href":"https:\/\/linitiative.ca\/International\/wp-json\/wp\/v2\/posts\/127478","targetHints":{"allow":["GET"]}}],"collection":[{"href":"https:\/\/linitiative.ca\/International\/wp-json\/wp\/v2\/posts"}],"about":[{"href":"https:\/\/linitiative.ca\/International\/wp-json\/wp\/v2\/types\/post"}],"author":[{"embeddable":true,"href":"https:\/\/linitiative.ca\/International\/wp-json\/wp\/v2\/users\/1965"}],"replies":[{"embeddable":true,"href":"https:\/\/linitiative.ca\/International\/wp-json\/wp\/v2\/comments?post=127478"}],"version-history":[{"count":0,"href":"https:\/\/linitiative.ca\/International\/wp-json\/wp\/v2\/posts\/127478\/revisions"}],"wp:attachment":[{"href":"https:\/\/linitiative.ca\/International\/wp-json\/wp\/v2\/media?parent=127478"}],"wp:term":[{"taxonomy":"category","embeddable":true,"href":"https:\/\/linitiative.ca\/International\/wp-json\/wp\/v2\/categories?post=127478"},{"taxonomy":"post_tag","embeddable":true,"href":"https:\/\/linitiative.ca\/International\/wp-json\/wp\/v2\/tags?post=127478"}],"curies":[{"name":"wp","href":"https:\/\/api.w.org\/{rel}","templated":true}]}}