{"id":127482,"date":"2021-09-18T09:17:26","date_gmt":"2021-09-18T13:17:26","guid":{"rendered":"https:\/\/linitiative.ca\/International\/cameroun-onu-un-nouveau-plan-cadre-de-cooperation-voit-le-jour\/"},"modified":"2021-09-18T09:17:26","modified_gmt":"2021-09-18T13:17:26","slug":"cameroun-onu-un-nouveau-plan-cadre-de-cooperation-voit-le-jour","status":"publish","type":"post","link":"https:\/\/linitiative.ca\/International\/cameroun-onu-un-nouveau-plan-cadre-de-cooperation-voit-le-jour\/","title":{"rendered":"Cameroun-ONU : un nouveau plan-cadre de coop\u00e9ration voit le jour"},"content":{"rendered":"<div>\n<p>Le ministre de l\u2019Economie, de la planification et de l\u2019am\u00e9nagement du territoire (Minepat), Alamine Ousmane Mey, et le Coordonnateur r\u00e9sident des Nations Unies au Cameroun, Matthias Naab, ont proc\u00e9d\u00e9 ce 16 septembre \u00e0 la signature du Plan-cadre de coop\u00e9ration des Nations unies pour le d\u00e9veloppement durable au Cameroun. Celui peut se d\u00e9finir comme le principal instrument \u00e0 travers lequel le Cameroun et les Nations Unies devront coop\u00e9rer sous la p\u00e9riode 2022 \u00e0 2026. Il devra permettre d\u2019\u00ab\u00a0acc\u00e9l\u00e9rer l\u2019atteinte des objectifs fix\u00e9s dans la SND30\u00a0\u00bb, comme l\u2019a indiqu\u00e9 le Minepat et mettre en \u0153uvre les priorit\u00e9s nationales et la contribution \u00e0 l\u2019atteinte des Objectifs de d\u00e9veloppement durable (ODD). \u00a0<\/p>\n<p><strong>Lire aussi <\/strong>: <strong><a href=\"https:\/\/ecomatin.net\/lonu-prevoit-6396-milliards-de-f-pour-lamelioration-des-conditionss-de-vie-des-femmes\/\">L\u2019ONU pr\u00e9voit 6,396 milliards de F pour l\u2019am\u00e9lioration des conditions de vie des femmes<\/a><\/strong><\/p>\n<p>Ce nouveau plan-cadre vise \u00e0 faire du Cameroun une terre d\u2019opportunit\u00e9s, d\u2019engagement citoyen et de bien-\u00eatre des populations. De fa\u00e7on globale, les changements apport\u00e9s dans le cadre de ce nouveau plan sont multiples. \u00ab Ce qui va changer tout d\u2019abord, est la mani\u00e8re de travailler. Pour la premi\u00e8re fois avec les r\u00e9formes, nous sommes oblig\u00e9s de pouvoir donner notre appui collectif au gouvernement pour le bien-\u00eatre de ses populations.\u00a0A cela s\u2019ajoute un accent sur le partenariat effectif. C\u2019est-\u00e0-dire la mobilisation des ressources pour pouvoir accompagner le gouvernement dans ses chantiers\u00a0\u00a0de d\u00e9veloppement\u00bb, confie Matthias Naab coordonnateur r\u00e9sident des Nations Unies au Cameroun. \u00a0<\/p>\n<p><strong>Lire aussi :<\/strong> <strong><a href=\"https:\/\/ecomatin.net\/le-cameroun-et-la-commission-des-etats-unis-pour-lafrique-passent-en-revue-leur-cooperation\/\">Cameroun et la Commission des Nations unies passent en revue leur coop\u00e9ration<\/a><\/strong><\/p>\n<p>S\u2019alignant sur la Strat\u00e9gie nationale de d\u00e9veloppement 2020-2030, le Plan-cadre de coop\u00e9ration des Nations unies pour le d\u00e9veloppement durable s\u2019articule autour de 4 priorit\u00e9s strat\u00e9giques\u00a0: une croissance inclusive et durable gr\u00e2ce \u00e0 une transformation structurelle et verte de l\u2019\u00e9conomie avec une cr\u00e9ation d\u2019emplois d\u00e9cents\u00a0; un d\u00e9veloppement humain et social de qualit\u00e9, inclusif et \u00e9quitable\u00a0; un appui institutionnel et la participation citoyenne, enfin la durabilit\u00e9 environnementale, la gestion des risques climatiques et des catastrophes. \u00a0<\/p>\n<p><strong>Lire aussi :<\/strong> <strong><a href=\"https:\/\/ecomatin.net\/snd30-les-premiers-rendez-vous-manques\/\">SND30 : les premiers rendez-vous manqu\u00e9s<\/a><\/strong><\/p>\n<p>Le nouveau Plan-cadre de coop\u00e9ration vient remplacer le \u00ab\u00a0Plan-cadre d\u2019aide au d\u00e9veloppement\u00a0\u00bb qui s\u2019\u00e9talait sur la p\u00e9riode allant de 2018 \u00e0 2021. Les b\u00e9n\u00e9fices de ce dernier \u00e9tant d\u00e9j\u00e0 alors perceptibles sur les diff\u00e9rents domaines sur lesquels il s\u2019est appuy\u00e9, notamment la sant\u00e9 et la nutrition, l\u2019inclusion sociale, la s\u00e9curit\u00e9 alimentaire, la formation professionnelle etc. Par exemple, celui-ci a permis la cr\u00e9ation de 2500 emplois dans le secteur du num\u00e9rique, de l\u2019\u00e9conomie verte et de l\u2019agri-business avec plus de 40% d\u2019emplois offert aux femmes.<\/p>\n<p>L\u2019article <a rel=\"nofollow\" href=\"https:\/\/ecomatin.net\/cameroun-onu-un-nouveau-plan-cadre-de-cooperation-voit-le-jour2\/\">Cameroun-ONU : un nouveau plan-cadre de coop\u00e9ration voit le jour<\/a> est apparu en premier sur <a rel=\"nofollow\" href=\"https:\/\/ecomatin.net\/\">EcoMatin<\/a>.<\/p>\n<\/div>\n<p>Auteur: Cindy MBALA<br \/>\n<a href=\"https:\/\/ecomatin.net\/cameroun-onu-un-nouveau-plan-cadre-de-cooperation-voit-le-jour2\/\">Cliquez ici pour lire l&rsquo;article depuis sa source.<\/a><\/p>\n","protected":false},"excerpt":{"rendered":"<p>Le ministre de l\u2019Economie, de la planification et de l\u2019am\u00e9nagement du territoire (Minepat), Alamine Ousmane Mey, et le Coordonnateur r\u00e9sident des Nations Unies au Cameroun, Matthias Naab, ont proc\u00e9d\u00e9 ce 16 septembre \u00e0 la signature du Plan-cadre de coop\u00e9ration des Nations unies pour le d\u00e9veloppement durable au Cameroun. Celui peut se d\u00e9finir comme le principal [&hellip;]<\/p>\n","protected":false},"author":1969,"featured_media":0,"comment_status":"closed","ping_status":"closed","sticky":false,"template":"","format":"standard","meta":{"fifu_image_url":"","fifu_image_alt":"","footnotes":""},"categories":[82,78],"tags":[],"class_list":["post-127482","post","type-post","status-publish","format-standard","hentry","category-cameroun","category-economie"],"_links":{"self":[{"href":"https:\/\/linitiative.ca\/International\/wp-json\/wp\/v2\/posts\/127482","targetHints":{"allow":["GET"]}}],"collection":[{"href":"https:\/\/linitiative.ca\/International\/wp-json\/wp\/v2\/posts"}],"about":[{"href":"https:\/\/linitiative.ca\/International\/wp-json\/wp\/v2\/types\/post"}],"author":[{"embeddable":true,"href":"https:\/\/linitiative.ca\/International\/wp-json\/wp\/v2\/users\/1969"}],"replies":[{"embeddable":true,"href":"https:\/\/linitiative.ca\/International\/wp-json\/wp\/v2\/comments?post=127482"}],"version-history":[{"count":0,"href":"https:\/\/linitiative.ca\/International\/wp-json\/wp\/v2\/posts\/127482\/revisions"}],"wp:attachment":[{"href":"https:\/\/linitiative.ca\/International\/wp-json\/wp\/v2\/media?parent=127482"}],"wp:term":[{"taxonomy":"category","embeddable":true,"href":"https:\/\/linitiative.ca\/International\/wp-json\/wp\/v2\/categories?post=127482"},{"taxonomy":"post_tag","embeddable":true,"href":"https:\/\/linitiative.ca\/International\/wp-json\/wp\/v2\/tags?post=127482"}],"curies":[{"name":"wp","href":"https:\/\/api.w.org\/{rel}","templated":true}]}}