{"id":127491,"date":"2021-09-19T10:15:11","date_gmt":"2021-09-19T14:15:11","guid":{"rendered":"https:\/\/linitiative.ca\/International\/le-maroc-reitere-son-engagement-inebranlable-en-faveur-de-la-paix-regionale\/"},"modified":"2021-09-19T10:15:11","modified_gmt":"2021-09-19T14:15:11","slug":"le-maroc-reitere-son-engagement-inebranlable-en-faveur-de-la-paix-regionale","status":"publish","type":"post","link":"https:\/\/linitiative.ca\/International\/le-maroc-reitere-son-engagement-inebranlable-en-faveur-de-la-paix-regionale\/","title":{"rendered":"Le Maroc r\u00e9it\u00e8re son engagement in\u00e9branlable en faveur de la paix r\u00e9gionale"},"content":{"rendered":"<div>\n<p class=\"has-text-align-center\"><strong>Anniversaire Accords d\u2019Abraham<\/strong><\/p>\n<p class=\"has-text-color\" style=\"color:#064ae5\"><em><strong>Le ministre des Affaires \u00e9trang\u00e8res, de la Coop\u00e9ration africaine et des Marocains r\u00e9sidant \u00e0 l\u2019\u00e9tranger, M. Nasser Bourita, a r\u00e9it\u00e9r\u00e9 l\u2019engagement in\u00e9branlable du Royaume en faveur de la paix r\u00e9gionale, vendredi lors d\u2019une conf\u00e9rence minist\u00e9rielle organis\u00e9e par le D\u00e9partement d\u2019Etat am\u00e9ricain pour comm\u00e9morer le premier anniversaire des Accords d\u2019Abraham.<\/strong><\/em><\/p>\n<p>\u00abSoyez assur\u00e9s de l\u2019engagement in\u00e9branlable et continu du Maroc \u00e0 faire ce qu\u2019il faut pour contribuer r\u00e9ellement \u00e0 la paix r\u00e9gionale\u00bb, a dit le ministre.<\/p>\n<p>Lors de cette rencontre, organis\u00e9e en mode virtuel avec la participation du Secr\u00e9taire d\u2019Etat am\u00e9ricain, Antony Blinken, et des chefs de diplomatie des Emirats arabes unis, du Bahre\u00efn et d\u2019Isra\u00ebl, M. Bourita a salu\u00e9 \u00abune opportunit\u00e9 de renouveler, ensemble, notre engagement en faveur de la paix\u00bb.<\/p>\n<p>En effet, a-t-il assur\u00e9, \u00abnous montrons aujourd\u2019hui \u00e0 toute la r\u00e9gion et au monde entier que des actions courageuses doivent \u00eatre entreprises par chacun d\u2019entre nous afin d\u2019aller plus loin et voir plus grand\u00bb.<\/p>\n<p>\u00abLa normalisation des relations avec Isra\u00ebl est en effet un \u00e9v\u00e9nement historique qui m\u00e9rite d\u2019\u00eatre comm\u00e9mor\u00e9 en ce sens qu\u2019elle a suscit\u00e9 un nouvel espoir et ouvert la voie \u00e0 un \u00e9lan sans pr\u00e9c\u00e9dent\u00bb, a fait observer M. Bourita, notant que l\u2019accord USA-Maroc-Isra\u00ebl, sign\u00e9 en d\u00e9cembre dernier, \u00abconstitue le socle de cette relation renouvel\u00e9e\u00bb.<\/p>\n<p>La signature de cet accord refl\u00e8te \u00ables liens profonds entre les Rois du Maroc et l\u2019importante communaut\u00e9 juive marocaine\u00bb, a-t-il relev\u00e9, r\u00e9it\u00e9rant l\u2019appr\u00e9ciation sinc\u00e8re du Royaume pour le r\u00f4le central des Etats-Unis en tant que \u00abgarant de ce processus\u00bb.<\/p>\n<p>\u00abWinston Churchill avait raison lorsqu\u2019il disait que la paix ne saurait \u00eatre pr\u00e9serv\u00e9e par des sentiments pieux. Oui, les accords de normalisation sont le r\u00e9sultat de la bonne volont\u00e9, de beaucoup de bonne volont\u00e9. Mais plus que tout, nous y voyons de l\u2019action\u00bb, a-t-il poursuivi, rappelant que depuis la signature de l\u2019accord trilat\u00e9ral, et suivant les hautes instructions de Sa Majest\u00e9 le Roi, de nombreuses actions ont \u00e9t\u00e9 entreprises.<\/p>\n<p>A ce titre, M. Bourita a \u00e9voqu\u00e9 notamment la signature de plus de 20 accords couvrant divers domaines, l\u2019ouverture et la mise en marche de repr\u00e9sentations diplomatiques, la cr\u00e9ation d\u2019une plateforme pour le dialogue et la coop\u00e9ration impliquant cinq groupes de travail sectoriels, l\u2019ouverture de canaux de communication entre les communaut\u00e9s des affaires et le lancement d\u2019une vingtaine de vols op\u00e9r\u00e9s par deux compagnies a\u00e9riennes isra\u00e9liennes.<\/p>\n<p>Pr\u00e9server, am\u00e9liorer et donner un sens \u00e0 la normalisation sont les d\u00e9fis \u00e0 relever apr\u00e8s la r\u00e9ussite de celui de la reprise des relations, a soulign\u00e9 le ministre, citant quatre points \u00e0 prendre en consid\u00e9ration dans ce cadre.<\/p>\n<p>Il s\u2019agit de la n\u00e9cessit\u00e9 d\u2019\u0153uvrer pour d\u00e9montrer les bienfaits de la paix et de la s\u00e9curit\u00e9 r\u00e9gionales, de relancer le processus de paix, de traiter l\u2019animosit\u00e9 g\u00e9n\u00e9r\u00e9e par la normalisation avec \u00abvigilance et solidarit\u00e9\u00bb et d\u2019\u00e9tablir un nouvel \u00abordre r\u00e9gional\u00bb.<\/p>\n<p>Ainsi, M. Bourita a not\u00e9 que l\u2019impact du processus de normalisation \u00abest cens\u00e9 se faire sentir dans les ann\u00e9es \u00e0 venir\u00bb, soulignant la n\u00e9cessit\u00e9 d\u2019\u0153uvrer activement pour d\u00e9montrer les bienfaits de la paix et de la s\u00e9curit\u00e9 r\u00e9gionales, sur les relations entre personnes et sur les opportunit\u00e9s commerciales.<\/p>\n<p>S\u2019agissant de la relance du processus de paix, une initiative fondamentale, le ministre a indiqu\u00e9 que pour le Maroc, il n\u2019y a pas d\u2019autre alternative \u00e0 une solution \u00e0 deux \u00c9tats avec un \u00c9tat palestinien ind\u00e9pendant dans les fronti\u00e8res de juin 1967.<\/p>\n<p>Par ailleurs, le statut d\u2019Al Qods doit \u00eatre pr\u00e9serv\u00e9 en tant que patrimoine commun de l\u2019humanit\u00e9 et symbole de coexistence pacifique pour les adeptes des trois religions monoth\u00e9istes, a-t-il insist\u00e9, rappelant que le Royaume a \u00abtoujours jou\u00e9 un r\u00f4le important, mais discret, pour faciliter la paix dans le pass\u00e9 et il est pr\u00eat \u00e0 poursuivre ce r\u00f4le aujourd\u2019hui\u00bb.<\/p>\n<p>M. Bourita a en outre fait observer que la normalisation n\u2019a pas seulement g\u00e9n\u00e9r\u00e9 de la sympathie, mais \u00e9galement de l\u2019animosit\u00e9, laquelle doit \u00eatre trait\u00e9e avec \u00abvigilance et solidarit\u00e9\u00bb.<\/p>\n<p>\u00abPar exemple et malheureusement, un pays voisin a d\u00e9cid\u00e9 de rompre ses relations avec le Maroc en pr\u00e9textant, entre autres, le r\u00e9tablissement de ses relations avec Isra\u00ebl\u00bb, a-t-il indiqu\u00e9.<\/p>\n<p>Le ministre a aussi mis en \u00e9vidence la n\u00e9cessit\u00e9 d\u2019\u00e9tablir un nouvel \u00abordre r\u00e9gional\u00bb, dans lequel Isra\u00ebl est partie prenante plut\u00f4t qu\u2019un \u00aboutsider dans sa propre r\u00e9gion\u00bb.<\/p>\n<p>\u00abCe nouvel ordre r\u00e9gional ne doit pas \u00eatre per\u00e7u comme \u00e9tant +contre quelqu\u2019un+ mais plut\u00f4t +pour notre bien \u00e0 tous+. De m\u00eame, il devrait \u00eatre fond\u00e9 sur une \u00e9valuation conjointe actualis\u00e9e, mais aussi sur la mani\u00e8re de g\u00e9n\u00e9rer des opportunit\u00e9s favorisant la stabilit\u00e9 et le d\u00e9veloppement pour tous\u00bb, a conclu M. Bourita.<\/p>\n<p>L\u2019article <a rel=\"nofollow\" href=\"http:\/\/albayane.press.ma\/le-maroc-reitere-son-engagement-inebranlable-en-faveur-de-la-paix-regionale.html\">Le Maroc r\u00e9it\u00e8re son engagement in\u00e9branlable en faveur de la paix r\u00e9gionale<\/a> est apparu en premier sur <a rel=\"nofollow\" href=\"http:\/\/albayane.press.ma\/\">ALBAYANE<\/a>.<\/p>\n<\/div>\n<p>Auteur: M&rsquo;hammed rahal<br \/>\n<a href=\"http:\/\/albayane.press.ma\/le-maroc-reitere-son-engagement-inebranlable-en-faveur-de-la-paix-regionale.html\">Cliquez ici pour lire l&rsquo;article depuis sa source.<\/a><\/p>\n","protected":false},"excerpt":{"rendered":"<p>Anniversaire Accords d\u2019Abraham Le ministre des Affaires \u00e9trang\u00e8res, de la Coop\u00e9ration africaine et des Marocains r\u00e9sidant \u00e0 l\u2019\u00e9tranger, M. Nasser Bourita, a r\u00e9it\u00e9r\u00e9 l\u2019engagement in\u00e9branlable du Royaume en faveur de la paix r\u00e9gionale, vendredi lors d\u2019une conf\u00e9rence minist\u00e9rielle organis\u00e9e par le D\u00e9partement d\u2019Etat am\u00e9ricain pour comm\u00e9morer le premier anniversaire des Accords d\u2019Abraham. \u00abSoyez assur\u00e9s de [&hellip;]<\/p>\n","protected":false},"author":1760,"featured_media":0,"comment_status":"closed","ping_status":"closed","sticky":false,"template":"","format":"standard","meta":{"fifu_image_url":"","fifu_image_alt":"","footnotes":""},"categories":[73,54],"tags":[],"class_list":["post-127491","post","type-post","status-publish","format-standard","hentry","category-actualite","category-maroc"],"_links":{"self":[{"href":"https:\/\/linitiative.ca\/International\/wp-json\/wp\/v2\/posts\/127491","targetHints":{"allow":["GET"]}}],"collection":[{"href":"https:\/\/linitiative.ca\/International\/wp-json\/wp\/v2\/posts"}],"about":[{"href":"https:\/\/linitiative.ca\/International\/wp-json\/wp\/v2\/types\/post"}],"author":[{"embeddable":true,"href":"https:\/\/linitiative.ca\/International\/wp-json\/wp\/v2\/users\/1760"}],"replies":[{"embeddable":true,"href":"https:\/\/linitiative.ca\/International\/wp-json\/wp\/v2\/comments?post=127491"}],"version-history":[{"count":0,"href":"https:\/\/linitiative.ca\/International\/wp-json\/wp\/v2\/posts\/127491\/revisions"}],"wp:attachment":[{"href":"https:\/\/linitiative.ca\/International\/wp-json\/wp\/v2\/media?parent=127491"}],"wp:term":[{"taxonomy":"category","embeddable":true,"href":"https:\/\/linitiative.ca\/International\/wp-json\/wp\/v2\/categories?post=127491"},{"taxonomy":"post_tag","embeddable":true,"href":"https:\/\/linitiative.ca\/International\/wp-json\/wp\/v2\/tags?post=127491"}],"curies":[{"name":"wp","href":"https:\/\/api.w.org\/{rel}","templated":true}]}}