{"id":127493,"date":"2021-09-19T10:30:53","date_gmt":"2021-09-19T14:30:53","guid":{"rendered":"https:\/\/linitiative.ca\/International\/un-acte-scandaleux-qui-ne-doit-plus-se-repeter\/"},"modified":"2021-09-19T10:30:53","modified_gmt":"2021-09-19T14:30:53","slug":"un-acte-scandaleux-qui-ne-doit-plus-se-repeter","status":"publish","type":"post","link":"https:\/\/linitiative.ca\/International\/un-acte-scandaleux-qui-ne-doit-plus-se-repeter\/","title":{"rendered":"Un acte scandaleux qui ne doit plus se r\u00e9p\u00e9ter"},"content":{"rendered":"<div>\n<p class=\"has-text-align-center has-vivid-red-color has-text-color\"><strong>Attentat aux m\u0153urs \u00a0\u00e0 Tanger<\/strong><\/p>\n<p class=\"has-text-align-right\"><strong>Karim Ben Amar<\/strong><\/p>\n<p class=\"has-vivid-cyan-blue-color has-text-color\"><strong>Une vid\u00e9o, depuis quelques jours inonde les r\u00e9seaux sociaux. Il s\u2019agit d\u2019une s\u00e9quence montrant un adolescent soulevant la robe d\u2019une jeune fille \u00e0 Tanger. Cette sc\u00e8ne qui a choqu\u00e9 plus d\u2019un,\u00a0 \u00e0 fait r\u00e9agir les habitants de la perle du D\u00e9troit. Hommes et femmes tous sont unanimes\u00a0(sauf extr\u00eame minorit\u00e9): ce comportement est inadmissible. Tour d\u2019horizon.<\/strong><\/p>\n<p>Tout Tanger ne parle que de cette p\u00e9rip\u00e9tie. Deux jeunes ayant agress\u00e9 une jeune fille au quartier tang\u00e9rois de Boukhalef, ont partag\u00e9 la vid\u00e9o de leur forfait sur les r\u00e9seaux sociaux. La sc\u00e8ne a suscit\u00e9 la col\u00e8re des internautes. Sur la toile, plusieurs personnalit\u00e9s, associations et internautes se sont r\u00e9volt\u00e9s contre la mise en ligne de la vid\u00e9o, ainsi que son contenu scandaleux. D\u2019ailleurs, ces derniers r\u00e9clament l\u2019application strict des lois en vigueur.<\/p>\n<p>Les habitants de la perle du D\u00e9troit sont connus pour leur conservatisme, mais face \u00e0 l\u2019absurdit\u00e9, toute la ville, ou presque, s\u2019est soulev\u00e9e pour d\u00e9noncer cet acte irresponsable et inconscient.<\/p>\n<p>Badr, un tang\u00e9rois de naissance a d\u00e9clar\u00e9 \u00e0 l\u2019\u00e9quipe Al Bayane que cet acte rel\u00e8ve de l\u2019agression sexuelle. \u00ab A titre personnelle, je trouve que cet acte est tr\u00e8s grave. Ceci est une atteinte grave \u00e0 l\u2019int\u00e9grit\u00e9 physique de la Femme\u00bb. Et d\u2019ajouter, \u00ables gamins qui ont commis ce forfait vont de toutes les mani\u00e8res payer pour cette b\u00eatise. Ainsi, ils serviront d\u2019exemple\u00bb.\u00a0\u00a0<\/p>\n<p>\u00a0Quant aux tang\u00e9roises, elles sont r\u00e9ellement marqu\u00e9es par cet incident. Libre de s\u2019habiller comme elles veulent, voil\u00e0 que cette histoire ouvre de vieilles plaies. Yasmine, tang\u00e9roise \u00e2g\u00e9e de 28 ans assure que cet acte inadmissible ne doit pas d\u00e9courager la femme \u00e0 continuer sa lutte pour l\u2019\u00e9galit\u00e9 des sexes. \u00abLa femme doit prendre conscience de sa valeur, de ses droits. Nul n\u2019a le droit de nous obliger \u00e0 nous habiller d\u2019une mani\u00e8re ou d\u2019une autre. Je suis vraiment r\u00e9volt\u00e9e quand j\u2019entends certaines personnes dire que la jeune fille \u00e9tait habill\u00e9e de mani\u00e8re trop provocatrice. Ces derniers n\u2019ont qu\u2019\u00e0 d\u00e9tourner le regard, \u00e0 d\u00e9faut de changer de route\u00bb, affirme-t-elle.<\/p>\n<p>\u00abCe n\u2019est pas le dogme religieux qui pousse certaines personnes \u00e0 violer la loi, c\u2019est plut\u00f4t la mauvaise \u00e9ducation et la mauvaise fr\u00e9quentation qui les poussent \u00e0 se comporter de mani\u00e8re r\u00e9pugnante. La femme dans notre culture et dans notre religion est v\u00e9ritablement choy\u00e9e tout au long de son existence. Le fait qu\u2019elle se fasse agresser en plein jour est tout simplement scandaleux\u00bb, a-t-elle conclu.<\/p>\n<p>Pour information, une enqu\u00eate a \u00e9t\u00e9 ouverte, tandis que, selon les derni\u00e8res informations relay\u00e9es par diff\u00e9rents m\u00e9dias, l\u2019auteur de la vid\u00e9o, \u00e2g\u00e9 de moins de 15 ans, aurait \u00e9t\u00e9 identifi\u00e9 et appr\u00e9hend\u00e9 par la DGSN.<\/p>\n<p>Une chose est sure, \u00e0 l\u2019avenir, avant de commettre l\u2019irr\u00e9parable, il faut savoir qu\u2019au Maroc, la Femme est sacr\u00e9e. Chez nous, on ne badine pas avec la femme.<strong><\/strong><\/p>\n<p>L\u2019article <a rel=\"nofollow\" href=\"http:\/\/albayane.press.ma\/un-acte-scandaleux-qui-ne-doit-plus-se-repeter.html\">Un acte scandaleux qui ne doit plus se r\u00e9p\u00e9ter<\/a> est apparu en premier sur <a rel=\"nofollow\" href=\"http:\/\/albayane.press.ma\/\">ALBAYANE<\/a>.<\/p>\n<\/div>\n<p>Auteur: M&rsquo;hammed rahal<br \/>\n<a href=\"http:\/\/albayane.press.ma\/un-acte-scandaleux-qui-ne-doit-plus-se-repeter.html\">Cliquez ici pour lire l&rsquo;article depuis sa source.<\/a><\/p>\n","protected":false},"excerpt":{"rendered":"<p>Attentat aux m\u0153urs \u00a0\u00e0 Tanger Karim Ben Amar Une vid\u00e9o, depuis quelques jours inonde les r\u00e9seaux sociaux. Il s\u2019agit d\u2019une s\u00e9quence montrant un adolescent soulevant la robe d\u2019une jeune fille \u00e0 Tanger. Cette sc\u00e8ne qui a choqu\u00e9 plus d\u2019un,\u00a0 \u00e0 fait r\u00e9agir les habitants de la perle du D\u00e9troit. Hommes et femmes tous sont unanimes\u00a0(sauf [&hellip;]<\/p>\n","protected":false},"author":1760,"featured_media":0,"comment_status":"closed","ping_status":"closed","sticky":false,"template":"","format":"standard","meta":{"fifu_image_url":"","fifu_image_alt":"","footnotes":""},"categories":[73,54],"tags":[],"class_list":["post-127493","post","type-post","status-publish","format-standard","hentry","category-actualite","category-maroc"],"_links":{"self":[{"href":"https:\/\/linitiative.ca\/International\/wp-json\/wp\/v2\/posts\/127493","targetHints":{"allow":["GET"]}}],"collection":[{"href":"https:\/\/linitiative.ca\/International\/wp-json\/wp\/v2\/posts"}],"about":[{"href":"https:\/\/linitiative.ca\/International\/wp-json\/wp\/v2\/types\/post"}],"author":[{"embeddable":true,"href":"https:\/\/linitiative.ca\/International\/wp-json\/wp\/v2\/users\/1760"}],"replies":[{"embeddable":true,"href":"https:\/\/linitiative.ca\/International\/wp-json\/wp\/v2\/comments?post=127493"}],"version-history":[{"count":0,"href":"https:\/\/linitiative.ca\/International\/wp-json\/wp\/v2\/posts\/127493\/revisions"}],"wp:attachment":[{"href":"https:\/\/linitiative.ca\/International\/wp-json\/wp\/v2\/media?parent=127493"}],"wp:term":[{"taxonomy":"category","embeddable":true,"href":"https:\/\/linitiative.ca\/International\/wp-json\/wp\/v2\/categories?post=127493"},{"taxonomy":"post_tag","embeddable":true,"href":"https:\/\/linitiative.ca\/International\/wp-json\/wp\/v2\/tags?post=127493"}],"curies":[{"name":"wp","href":"https:\/\/api.w.org\/{rel}","templated":true}]}}