{"id":127497,"date":"2021-09-19T11:20:00","date_gmt":"2021-09-19T15:20:00","guid":{"rendered":"https:\/\/linitiative.ca\/International\/recensement-de-52-sinistres\/"},"modified":"2021-09-19T11:20:00","modified_gmt":"2021-09-19T15:20:00","slug":"recensement-de-52-sinistres","status":"publish","type":"post","link":"https:\/\/linitiative.ca\/International\/recensement-de-52-sinistres\/","title":{"rendered":"Recensement de 52 sinistr\u00e9s"},"content":{"rendered":"<div>La direction des Services agricoles (DSA) de la wilaya de Jijel a recens\u00e9 un total de 52 sinistr\u00e9s des incendies de forets enregistr\u00e9s la semaine derni\u00e8re, a-t-on appris dimanche aupr\u00e8s de la DSA.<\/div>\n<p>Auteur:<br \/>\n<a href=\"https:\/\/www.liberte-algerie.com\/actualite\/recensement-de-52-sinistres-365226\">Cliquez ici pour lire l&rsquo;article depuis sa source.<\/a><\/p>\n","protected":false},"excerpt":{"rendered":"<p>La direction des Services agricoles (DSA) de la wilaya de Jijel a recens\u00e9 un total de 52 sinistr\u00e9s des incendies de forets enregistr\u00e9s la semaine derni\u00e8re, a-t-on appris dimanche aupr\u00e8s de la DSA. Auteur: Cliquez ici pour lire l&rsquo;article depuis sa source.<\/p>\n","protected":false},"author":1742,"featured_media":0,"comment_status":"closed","ping_status":"closed","sticky":false,"template":"","format":"standard","meta":{"fifu_image_url":"","fifu_image_alt":"","footnotes":""},"categories":[73,53],"tags":[],"class_list":["post-127497","post","type-post","status-publish","format-standard","hentry","category-actualite","category-algerie"],"_links":{"self":[{"href":"https:\/\/linitiative.ca\/International\/wp-json\/wp\/v2\/posts\/127497","targetHints":{"allow":["GET"]}}],"collection":[{"href":"https:\/\/linitiative.ca\/International\/wp-json\/wp\/v2\/posts"}],"about":[{"href":"https:\/\/linitiative.ca\/International\/wp-json\/wp\/v2\/types\/post"}],"author":[{"embeddable":true,"href":"https:\/\/linitiative.ca\/International\/wp-json\/wp\/v2\/users\/1742"}],"replies":[{"embeddable":true,"href":"https:\/\/linitiative.ca\/International\/wp-json\/wp\/v2\/comments?post=127497"}],"version-history":[{"count":0,"href":"https:\/\/linitiative.ca\/International\/wp-json\/wp\/v2\/posts\/127497\/revisions"}],"wp:attachment":[{"href":"https:\/\/linitiative.ca\/International\/wp-json\/wp\/v2\/media?parent=127497"}],"wp:term":[{"taxonomy":"category","embeddable":true,"href":"https:\/\/linitiative.ca\/International\/wp-json\/wp\/v2\/categories?post=127497"},{"taxonomy":"post_tag","embeddable":true,"href":"https:\/\/linitiative.ca\/International\/wp-json\/wp\/v2\/tags?post=127497"}],"curies":[{"name":"wp","href":"https:\/\/api.w.org\/{rel}","templated":true}]}}