{"id":127499,"date":"2021-09-19T12:47:06","date_gmt":"2021-09-19T16:47:06","guid":{"rendered":"https:\/\/linitiative.ca\/International\/1-555-nouveaux-cas-plus-de-21-millions-de-primo-vaccines\/"},"modified":"2021-09-19T12:47:06","modified_gmt":"2021-09-19T16:47:06","slug":"1-555-nouveaux-cas-plus-de-21-millions-de-primo-vaccines","status":"publish","type":"post","link":"https:\/\/linitiative.ca\/International\/1-555-nouveaux-cas-plus-de-21-millions-de-primo-vaccines\/","title":{"rendered":"1.555 nouveaux cas, plus de 21 millions de primo-vaccin\u00e9s"},"content":{"rendered":"<div>\n<div style=\"margin-bottom:20px;\"><img loading=\"lazy\" decoding=\"async\" width=\"750\" height=\"430\" src=\"https:\/\/linitiative.ca\/International\/wp-content\/uploads\/sites\/23\/2021\/09\/cov-fr-9.jpg\" class=\"attachment-post-thumbnail size-post-thumbnail wp-post-image\" alt=\"\" srcset=\"https:\/\/linitiative.ca\/International\/wp-content\/uploads\/sites\/23\/2021\/09\/cov-fr-9.jpg 750w, http:\/\/www.mapmarrakech.ma\/map\/uploads\/2021\/09\/cov-fr-9-300x172.jpg 300w\" sizes=\"auto, (max-width: 750px) 100vw, 750px\"><\/div>\n<p align=\"justify\">Le nombre de primo-vaccin\u00e9s a atteint 21.006.394 et celui des personnes compl\u00e8tement vaccin\u00e9es (1\u00e8re et 2\u00e8me doses) s\u2019\u00e9l\u00e8ve d\u00e9sormais \u00e0 17.429.646, a pr\u00e9cis\u00e9 le minist\u00e8re dans son bulletin quotidien sur la situation \u00e9pid\u00e9miologique Covid-19.<\/p>\n<p align=\"justify\">Le nouveau bilan des cas positifs porte \u00e0 919.681 le nombre total des contaminations depuis le premier cas signal\u00e9 au Maroc en mars 2020. Le nombre des personnes r\u00e9tablies est pass\u00e9 \u00e0 882.155, soit un taux de gu\u00e9rison de 96%.<\/p>\n<p align=\"justify\">Les contaminations ont \u00e9t\u00e9 recens\u00e9es dans les r\u00e9gions de Rabat-Sal\u00e9-K\u00e9nitra (761), Casablanca-Settat (296), Tanger-T\u00e9touan-Al Hoceima (143), B\u00e9ni Mellal-Kh\u00e9nifra (83), l\u2019Oriental (66), Souss-Massa (55), F\u00e8s-Mekn\u00e8s (44), Marrakech-Safi (40), La\u00e2youne-Sakia-El Hamra (28), Dakhla-Oued Eddahab (17), Guelmim-Oued Noun (13) et Dr\u00e2a-Tafilalet (9).<\/p>\n<p align=\"justify\">Quant aux d\u00e9c\u00e8s, leur nombre total est pass\u00e9 \u00e0 13.910 (l\u00e9talit\u00e9 1,5%), avec 34 nouveaux cas enregistr\u00e9s dans les r\u00e9gions de Casablanca-Settat (8), Rabat-Sal\u00e9-K\u00e9nitra (8), l\u2019Oriental (4), F\u00e8s-Mekn\u00e8s (3), Marrakech-Safi (3), Tanger-T\u00e9touan-Al Hoceima (2), B\u00e9ni Mellal-Kh\u00e9nifra (2), Souss-Massa (2), Dr\u00e2a-Tafilalet (1) et Guelmim-Oued Noun (1).<\/p>\n<p align=\"justify\">Les cas actifs sont au nombre de 23.616, tandis que les cas s\u00e9v\u00e8res ou critiques ont atteint 1.444, dont 46 plac\u00e9s sous intubation.<\/p>\n<p>The post <a rel=\"nofollow\" href=\"http:\/\/www.mapmarrakech.ma\/fr\/1-555-nouveaux-cas-plus-de-21-millions-de-primo-vaccines\/\">1.555 nouveaux cas, plus de 21 millions de primo-vaccin\u00e9s<\/a> appeared first on <a rel=\"nofollow\" href=\"http:\/\/www.mapmarrakech.ma\/fr\">MapMarrakech<\/a>.<\/p>\n<\/div>\n<p>Auteur: Meriem IGASS<br \/>\n<a href=\"http:\/\/www.mapmarrakech.ma\/fr\/1-555-nouveaux-cas-plus-de-21-millions-de-primo-vaccines\/\">Cliquez ici pour lire l&rsquo;article depuis sa source.<\/a><\/p>\n","protected":false},"excerpt":{"rendered":"<p>Le nombre de primo-vaccin\u00e9s a atteint 21.006.394 et celui des personnes compl\u00e8tement vaccin\u00e9es (1\u00e8re et 2\u00e8me doses) s\u2019\u00e9l\u00e8ve d\u00e9sormais \u00e0 17.429.646, a pr\u00e9cis\u00e9 le minist\u00e8re dans son bulletin quotidien sur la situation \u00e9pid\u00e9miologique Covid-19. Le nouveau bilan des cas positifs porte \u00e0 919.681 le nombre total des contaminations depuis le premier cas signal\u00e9 au Maroc [&hellip;]<\/p>\n","protected":false},"author":1788,"featured_media":0,"comment_status":"closed","ping_status":"closed","sticky":false,"template":"","format":"standard","meta":{"fifu_image_url":"http:\/\/www.mapmarrakech.ma\/map\/uploads\/2021\/09\/cov-fr-9.jpg","fifu_image_alt":"1.555 nouveaux cas, plus de 21 millions de primo-vaccin\u00e9s","footnotes":""},"categories":[54,76],"tags":[],"class_list":["post-127499","post","type-post","status-publish","format-standard","hentry","category-maroc","category-regions"],"_links":{"self":[{"href":"https:\/\/linitiative.ca\/International\/wp-json\/wp\/v2\/posts\/127499","targetHints":{"allow":["GET"]}}],"collection":[{"href":"https:\/\/linitiative.ca\/International\/wp-json\/wp\/v2\/posts"}],"about":[{"href":"https:\/\/linitiative.ca\/International\/wp-json\/wp\/v2\/types\/post"}],"author":[{"embeddable":true,"href":"https:\/\/linitiative.ca\/International\/wp-json\/wp\/v2\/users\/1788"}],"replies":[{"embeddable":true,"href":"https:\/\/linitiative.ca\/International\/wp-json\/wp\/v2\/comments?post=127499"}],"version-history":[{"count":0,"href":"https:\/\/linitiative.ca\/International\/wp-json\/wp\/v2\/posts\/127499\/revisions"}],"wp:attachment":[{"href":"https:\/\/linitiative.ca\/International\/wp-json\/wp\/v2\/media?parent=127499"}],"wp:term":[{"taxonomy":"category","embeddable":true,"href":"https:\/\/linitiative.ca\/International\/wp-json\/wp\/v2\/categories?post=127499"},{"taxonomy":"post_tag","embeddable":true,"href":"https:\/\/linitiative.ca\/International\/wp-json\/wp\/v2\/tags?post=127499"}],"curies":[{"name":"wp","href":"https:\/\/api.w.org\/{rel}","templated":true}]}}