{"id":127503,"date":"2021-09-19T13:20:26","date_gmt":"2021-09-19T17:20:26","guid":{"rendered":"https:\/\/linitiative.ca\/International\/bam-organise-des-adjudications-dachat-de-devises\/"},"modified":"2021-09-19T13:20:26","modified_gmt":"2021-09-19T17:20:26","slug":"bam-organise-des-adjudications-dachat-de-devises","status":"publish","type":"post","link":"https:\/\/linitiative.ca\/International\/bam-organise-des-adjudications-dachat-de-devises\/","title":{"rendered":"BAM organise des adjudications d\u2019achat de devises"},"content":{"rendered":"<div>\n<div class=\"field field-name-body field-type-text-with-summary field-label-hidden\">\n<div class=\"field-items\">\n<div class=\"field-item even\" property=\"content:encoded\">\n<p class=\"rtejustify\">Bank Al-Maghrib (BAM) organisera, \u00e0 partir du lundi 20 septembre 2021, des adjudications d\u2019achat de devises afin d\u2019absorber les exc\u00e9dents actuels et d\u2019assurer ainsi le bon fonctionnement du march\u00e9 de change.<\/p>\n<p class=\"rtejustify\">\u00ab Bank Al-Maghrib porte \u00e0 la connaissance des op\u00e9rateurs sur le march\u00e9 de change qu\u2019elle organisera, \u00e0 partir du lundi 20 septembre 2021, des adjudications d\u2019achat de devises afin d\u2019absorber les exc\u00e9dents actuels et d\u2019assurer ainsi le bon fonctionnement de ce march\u00e9 \u00bb, indique BAM dans un communiqu\u00e9.<\/p>\n<\/div>\n<\/div>\n<\/div>\n<\/div>\n<p>Auteur: mbasraoui<br \/>\n<a href=\"https:\/\/www.leconomiste.com\/flash-infos\/bam-organise-des-adjudications-d-achat-de-devises\">Cliquez ici pour lire l&rsquo;article depuis sa source.<\/a><\/p>\n","protected":false},"excerpt":{"rendered":"<p>Bank Al-Maghrib (BAM) organisera, \u00e0 partir du lundi 20 septembre 2021, des adjudications d\u2019achat de devises afin d\u2019absorber les exc\u00e9dents actuels et d\u2019assurer ainsi le bon fonctionnement du march\u00e9 de change. \u00ab Bank Al-Maghrib porte \u00e0 la connaissance des op\u00e9rateurs sur le march\u00e9 de change qu\u2019elle organisera, \u00e0 partir du lundi 20 septembre 2021, des [&hellip;]<\/p>\n","protected":false},"author":1763,"featured_media":0,"comment_status":"closed","ping_status":"closed","sticky":false,"template":"","format":"standard","meta":{"fifu_image_url":"","fifu_image_alt":"","footnotes":""},"categories":[78,54],"tags":[],"class_list":["post-127503","post","type-post","status-publish","format-standard","hentry","category-economie","category-maroc"],"_links":{"self":[{"href":"https:\/\/linitiative.ca\/International\/wp-json\/wp\/v2\/posts\/127503","targetHints":{"allow":["GET"]}}],"collection":[{"href":"https:\/\/linitiative.ca\/International\/wp-json\/wp\/v2\/posts"}],"about":[{"href":"https:\/\/linitiative.ca\/International\/wp-json\/wp\/v2\/types\/post"}],"author":[{"embeddable":true,"href":"https:\/\/linitiative.ca\/International\/wp-json\/wp\/v2\/users\/1763"}],"replies":[{"embeddable":true,"href":"https:\/\/linitiative.ca\/International\/wp-json\/wp\/v2\/comments?post=127503"}],"version-history":[{"count":0,"href":"https:\/\/linitiative.ca\/International\/wp-json\/wp\/v2\/posts\/127503\/revisions"}],"wp:attachment":[{"href":"https:\/\/linitiative.ca\/International\/wp-json\/wp\/v2\/media?parent=127503"}],"wp:term":[{"taxonomy":"category","embeddable":true,"href":"https:\/\/linitiative.ca\/International\/wp-json\/wp\/v2\/categories?post=127503"},{"taxonomy":"post_tag","embeddable":true,"href":"https:\/\/linitiative.ca\/International\/wp-json\/wp\/v2\/tags?post=127503"}],"curies":[{"name":"wp","href":"https:\/\/api.w.org\/{rel}","templated":true}]}}