{"id":127504,"date":"2021-09-19T13:21:48","date_gmt":"2021-09-19T17:21:48","guid":{"rendered":"https:\/\/linitiative.ca\/International\/le-pjd-convoque-pour-fin-octobre-son-congres-national-extraordinaire\/"},"modified":"2021-09-19T13:21:48","modified_gmt":"2021-09-19T17:21:48","slug":"le-pjd-convoque-pour-fin-octobre-son-congres-national-extraordinaire","status":"publish","type":"post","link":"https:\/\/linitiative.ca\/International\/le-pjd-convoque-pour-fin-octobre-son-congres-national-extraordinaire\/","title":{"rendered":"Le PJD convoque pour fin octobre son congr\u00e8s national extraordinaire"},"content":{"rendered":"<div>\n<div class=\"field field-name-body field-type-text-with-summary field-label-hidden\">\n<div class=\"field-items\">\n<div class=\"field-item even\" property=\"content:encoded\">\n<p class=\"rtejustify\">Le Conseil national du Parti de la justice et du d\u00e9veloppement (PJD) a annonc\u00e9, dimanche, la tenue fin octobre prochain du congr\u00e8s national extraordinaire du parti.<\/p>\n<\/div>\n<\/div>\n<\/div>\n<\/div>\n<p>Auteur: mbasraoui<br \/>\n<a href=\"https:\/\/www.leconomiste.com\/flash-infos\/le-pjd-convoque-pour-fin-octobre-son-congres-national-extraordinaire\">Cliquez ici pour lire l&rsquo;article depuis sa source.<\/a><\/p>\n","protected":false},"excerpt":{"rendered":"<p>Le Conseil national du Parti de la justice et du d\u00e9veloppement (PJD) a annonc\u00e9, dimanche, la tenue fin octobre prochain du congr\u00e8s national extraordinaire du parti. Auteur: mbasraoui Cliquez ici pour lire l&rsquo;article depuis sa source.<\/p>\n","protected":false},"author":1763,"featured_media":0,"comment_status":"closed","ping_status":"closed","sticky":false,"template":"","format":"standard","meta":{"fifu_image_url":"","fifu_image_alt":"","footnotes":""},"categories":[78,54],"tags":[],"class_list":["post-127504","post","type-post","status-publish","format-standard","hentry","category-economie","category-maroc"],"_links":{"self":[{"href":"https:\/\/linitiative.ca\/International\/wp-json\/wp\/v2\/posts\/127504","targetHints":{"allow":["GET"]}}],"collection":[{"href":"https:\/\/linitiative.ca\/International\/wp-json\/wp\/v2\/posts"}],"about":[{"href":"https:\/\/linitiative.ca\/International\/wp-json\/wp\/v2\/types\/post"}],"author":[{"embeddable":true,"href":"https:\/\/linitiative.ca\/International\/wp-json\/wp\/v2\/users\/1763"}],"replies":[{"embeddable":true,"href":"https:\/\/linitiative.ca\/International\/wp-json\/wp\/v2\/comments?post=127504"}],"version-history":[{"count":0,"href":"https:\/\/linitiative.ca\/International\/wp-json\/wp\/v2\/posts\/127504\/revisions"}],"wp:attachment":[{"href":"https:\/\/linitiative.ca\/International\/wp-json\/wp\/v2\/media?parent=127504"}],"wp:term":[{"taxonomy":"category","embeddable":true,"href":"https:\/\/linitiative.ca\/International\/wp-json\/wp\/v2\/categories?post=127504"},{"taxonomy":"post_tag","embeddable":true,"href":"https:\/\/linitiative.ca\/International\/wp-json\/wp\/v2\/tags?post=127504"}],"curies":[{"name":"wp","href":"https:\/\/api.w.org\/{rel}","templated":true}]}}