{"id":127507,"date":"2021-09-19T12:37:00","date_gmt":"2021-09-19T16:37:00","guid":{"rendered":"https:\/\/linitiative.ca\/International\/boudaoui-buteur-contre-monaco\/"},"modified":"2021-09-19T12:37:00","modified_gmt":"2021-09-19T16:37:00","slug":"boudaoui-buteur-contre-monaco","status":"publish","type":"post","link":"https:\/\/linitiative.ca\/International\/boudaoui-buteur-contre-monaco\/","title":{"rendered":"Boudaoui buteur contre Monaco"},"content":{"rendered":"<div>L\u2019ancien joueur du Paradou a confort\u00e9 le coach Galtier dans ses choix puisqu\u2019il a r\u00e9ussi \u00e0 marquer un but important dans ce derby livr\u00e9 contre les voisins mon\u00e9gasques.<img loading=\"lazy\" decoding=\"async\" src=\"http:\/\/feeds.feedburner.com\/~r\/GalerieFArtciles\/~4\/H9nircZpUc4\" height=\"1\" width=\"1\" alt=\"\"><\/div>\n<p>Auteur:<br \/>\n<a href=\"http:\/\/www.lebuteur.com\/article\/detail?titre=boudaoui-buteur-contre-monaco&#038;id=101122&#038;utm_source=feedburner&#038;utm_medium=feed&#038;utm_campaign=Feed%3A+GalerieFArtciles+%28Les+derniers+articles++-+lebuteur.com%29\">Cliquez ici pour lire l&rsquo;article depuis sa source.<\/a><\/p>\n","protected":false},"excerpt":{"rendered":"<p>L\u2019ancien joueur du Paradou a confort\u00e9 le coach Galtier dans ses choix puisqu\u2019il a r\u00e9ussi \u00e0 marquer un but important dans ce derby livr\u00e9 contre les voisins mon\u00e9gasques. Auteur: Cliquez ici pour lire l&rsquo;article depuis sa source.<\/p>\n","protected":false},"author":1738,"featured_media":0,"comment_status":"closed","ping_status":"closed","sticky":false,"template":"","format":"standard","meta":{"fifu_image_url":"http:\/\/feeds.feedburner.com\/~r\/GalerieFArtciles\/~4\/H9nircZpUc4","fifu_image_alt":"Boudaoui buteur contre Monaco","footnotes":""},"categories":[53,75],"tags":[],"class_list":["post-127507","post","type-post","status-publish","format-standard","hentry","category-algerie","category-sport"],"_links":{"self":[{"href":"https:\/\/linitiative.ca\/International\/wp-json\/wp\/v2\/posts\/127507","targetHints":{"allow":["GET"]}}],"collection":[{"href":"https:\/\/linitiative.ca\/International\/wp-json\/wp\/v2\/posts"}],"about":[{"href":"https:\/\/linitiative.ca\/International\/wp-json\/wp\/v2\/types\/post"}],"author":[{"embeddable":true,"href":"https:\/\/linitiative.ca\/International\/wp-json\/wp\/v2\/users\/1738"}],"replies":[{"embeddable":true,"href":"https:\/\/linitiative.ca\/International\/wp-json\/wp\/v2\/comments?post=127507"}],"version-history":[{"count":0,"href":"https:\/\/linitiative.ca\/International\/wp-json\/wp\/v2\/posts\/127507\/revisions"}],"wp:attachment":[{"href":"https:\/\/linitiative.ca\/International\/wp-json\/wp\/v2\/media?parent=127507"}],"wp:term":[{"taxonomy":"category","embeddable":true,"href":"https:\/\/linitiative.ca\/International\/wp-json\/wp\/v2\/categories?post=127507"},{"taxonomy":"post_tag","embeddable":true,"href":"https:\/\/linitiative.ca\/International\/wp-json\/wp\/v2\/tags?post=127507"}],"curies":[{"name":"wp","href":"https:\/\/api.w.org\/{rel}","templated":true}]}}