{"id":127511,"date":"2021-09-19T06:36:41","date_gmt":"2021-09-19T10:36:41","guid":{"rendered":"https:\/\/linitiative.ca\/International\/la-corruption-ancree-dans-le-systeme-bouteflika\/"},"modified":"2021-09-19T06:36:41","modified_gmt":"2021-09-19T10:36:41","slug":"la-corruption-ancree-dans-le-systeme-bouteflika","status":"publish","type":"post","link":"https:\/\/linitiative.ca\/International\/la-corruption-ancree-dans-le-systeme-bouteflika\/","title":{"rendered":"La corruption ancr\u00e9e dans le \u00absyst\u00e8me Bouteflika\u00bb"},"content":{"rendered":"<div>\n<div class=\"sriret\"><img decoding=\"async\" src=\"https:\/\/linitiative.ca\/International\/wp-content\/uploads\/sites\/23\/2021\/09\/default-picture-709x366_c-61.jpg\"><\/div>\n<p>Les proc\u00e8s des responsables politiques, des hommes d\u2019affaires et des cadres ont r\u00e9v\u00e9l\u00e9 l\u2019ampleur de l\u2019impunit\u00e9 dont les proches du clan pr\u00e9sidentiel ont b\u00e9n\u00e9fici\u00e9 ainsi que les sommes astronomiques de l\u2019argent public d\u00e9tourn\u00e9es.<\/p>\n<p>Vous avez pill\u00e9 le pays, bande de voleurs\u00a0!\u00bb C\u2019est par ces mots que des milliers d\u2019Alg\u00e9riens sont sortis dans les rues pour exprimer leur rejet d\u2019un 5e\u00a0mandat du pr\u00e9sident Bouteflika.<\/p>\n<p>Le fait est que le r\u00e8gne de Abdelaziz Bouteflika a \u00e9t\u00e9 marqu\u00e9 par l\u2019affairisme, les scandales financiers et la corruption. Les proc\u00e8s des responsables politiques, des hommes d\u2019affaires et des cadres ont r\u00e9v\u00e9l\u00e9 l\u2019ampleur de l\u2019impunit\u00e9 dont les proches du clan pr\u00e9sidentiel ont b\u00e9n\u00e9fici\u00e9 ainsi que les sommes astronomiques de l\u2019argent public d\u00e9tourn\u00e9es.<\/p>\n<p>Il faut dire que les scandales sont apparus d\u00e8s le premier mandat du Pr\u00e9sident d\u00e9chu, sans qu\u2019aucun haut responsable n\u2019ait \u00e9t\u00e9 inqui\u00e9t\u00e9. Dans l\u2019affaire Khalifa, des ministres ont \u00e9t\u00e9 cit\u00e9s, dont Djamel Ould Abb\u00e8s, Abdeslam Bouchouareb, Aboudjerra Soltani, Tayeb Bela\u00efz, le syndicaliste Abdelmadjid Sidi Sa\u00efd et d\u2019autres. Ils ont cependant pu profiter du statut de t\u00e9moin.<\/p>\n<p>L\u2019article <a rel=\"nofollow\" href=\"https:\/\/www.elwatan.com\/edition\/actualite\/la-corruption-ancree-dans-le-systeme-bouteflika-19-09-2021\">La corruption ancr\u00e9e dans le \u00absyst\u00e8me Bouteflika\u00bb<\/a> est apparu en premier sur <a rel=\"nofollow\" href=\"https:\/\/www.elwatan.com\/\">El Watan<\/a>.<\/p>\n<\/div>\n<p>Auteur: Anis Khecheba<br \/>\n<a href=\"https:\/\/www.elwatan.com\/edition\/actualite\/la-corruption-ancree-dans-le-systeme-bouteflika-19-09-2021\">Cliquez ici pour lire l&rsquo;article depuis sa source.<\/a><\/p>\n","protected":false},"excerpt":{"rendered":"<p>Les proc\u00e8s des responsables politiques, des hommes d\u2019affaires et des cadres ont r\u00e9v\u00e9l\u00e9 l\u2019ampleur de l\u2019impunit\u00e9 dont les proches du clan pr\u00e9sidentiel ont b\u00e9n\u00e9fici\u00e9 ainsi que les sommes astronomiques de l\u2019argent public d\u00e9tourn\u00e9es. Vous avez pill\u00e9 le pays, bande de voleurs\u00a0!\u00bb C\u2019est par ces mots que des milliers d\u2019Alg\u00e9riens sont sortis dans les rues pour [&hellip;]<\/p>\n","protected":false},"author":1743,"featured_media":0,"comment_status":"closed","ping_status":"closed","sticky":false,"template":"","format":"standard","meta":{"fifu_image_url":"https:\/\/www.elwatan.com\/wp-content\/themes\/spectr\/img\/default-picture-709x366_c.jpg","fifu_image_alt":"La corruption ancr\u00e9e dans le \u00absyst\u00e8me Bouteflika\u00bb","footnotes":""},"categories":[73,53],"tags":[],"class_list":["post-127511","post","type-post","status-publish","format-standard","hentry","category-actualite","category-algerie"],"_links":{"self":[{"href":"https:\/\/linitiative.ca\/International\/wp-json\/wp\/v2\/posts\/127511","targetHints":{"allow":["GET"]}}],"collection":[{"href":"https:\/\/linitiative.ca\/International\/wp-json\/wp\/v2\/posts"}],"about":[{"href":"https:\/\/linitiative.ca\/International\/wp-json\/wp\/v2\/types\/post"}],"author":[{"embeddable":true,"href":"https:\/\/linitiative.ca\/International\/wp-json\/wp\/v2\/users\/1743"}],"replies":[{"embeddable":true,"href":"https:\/\/linitiative.ca\/International\/wp-json\/wp\/v2\/comments?post=127511"}],"version-history":[{"count":0,"href":"https:\/\/linitiative.ca\/International\/wp-json\/wp\/v2\/posts\/127511\/revisions"}],"wp:attachment":[{"href":"https:\/\/linitiative.ca\/International\/wp-json\/wp\/v2\/media?parent=127511"}],"wp:term":[{"taxonomy":"category","embeddable":true,"href":"https:\/\/linitiative.ca\/International\/wp-json\/wp\/v2\/categories?post=127511"},{"taxonomy":"post_tag","embeddable":true,"href":"https:\/\/linitiative.ca\/International\/wp-json\/wp\/v2\/tags?post=127511"}],"curies":[{"name":"wp","href":"https:\/\/api.w.org\/{rel}","templated":true}]}}