{"id":127513,"date":"2021-09-19T06:37:26","date_gmt":"2021-09-19T10:37:26","guid":{"rendered":"https:\/\/linitiative.ca\/International\/politique-economique-de-bouteflika-le-grand-ratage\/"},"modified":"2021-09-19T06:37:26","modified_gmt":"2021-09-19T10:37:26","slug":"politique-economique-de-bouteflika-le-grand-ratage","status":"publish","type":"post","link":"https:\/\/linitiative.ca\/International\/politique-economique-de-bouteflika-le-grand-ratage\/","title":{"rendered":"Politique \u00e9conomique de Bouteflika, le grand ratage"},"content":{"rendered":"<div>\n<div class=\"sriret\"><img decoding=\"async\" src=\"https:\/\/linitiative.ca\/International\/wp-content\/uploads\/sites\/23\/2021\/09\/default-picture-709x366_c-62.jpg\"><\/div>\n<p>Il quitte ce monde avec le sobriquet de chef de la \u00eessaba, qui renvoie au bilan de son r\u00e8gne marqu\u00e9 par un d\u00e9sastre \u00e9conomique dont l\u2019Alg\u00e9rie paie \u00e0 ce jour les d\u00e9rives.<\/p>\n<p>Il suffit de faire un tour dans les salles d\u2019audience pour comprendre comment, en 20 ann\u00e9es, l\u2019Alg\u00e9rie a \u00e9t\u00e9 d\u00e9pouill\u00e9e et ruin\u00e9e par une bande de dirigeants et leurs alli\u00e9s du monde des affaires qui ont op\u00e9r\u00e9 un v\u00e9ritable hold-up sur le Tr\u00e9sor public et privatis\u00e9 l\u2019Etat.<\/p>\n<p>Le plus grand pays d\u2019Afrique, du monde arabe et de la M\u00e9diterran\u00e9e a \u00e9t\u00e9 mis \u00e0 genoux par le syst\u00e8me Bouteflika, dont la devise pourrait \u00eatre \u00abse servir jusqu\u2019\u00e0 la lie\u00bb. Sur le plan \u00e9conomique, et alors que le pays disposait d\u2019une assise financi\u00e8re tr\u00e8s confortable, c\u2019est pourtant la faillite qui est r\u00e9colt\u00e9e au bout de quatre mandats sans partage.<\/p>\n<p>L\u2019article <a rel=\"nofollow\" href=\"https:\/\/www.elwatan.com\/edition\/actualite\/politique-economique-de-bouteflika-le-grand-ratage-19-09-2021\">Politique \u00e9conomique de Bouteflika, le grand ratage<\/a> est apparu en premier sur <a rel=\"nofollow\" href=\"https:\/\/www.elwatan.com\/\">El Watan<\/a>.<\/p>\n<\/div>\n<p>Auteur: Anis Khecheba<br \/>\n<a href=\"https:\/\/www.elwatan.com\/edition\/actualite\/politique-economique-de-bouteflika-le-grand-ratage-19-09-2021\">Cliquez ici pour lire l&rsquo;article depuis sa source.<\/a><\/p>\n","protected":false},"excerpt":{"rendered":"<p>Il quitte ce monde avec le sobriquet de chef de la \u00eessaba, qui renvoie au bilan de son r\u00e8gne marqu\u00e9 par un d\u00e9sastre \u00e9conomique dont l\u2019Alg\u00e9rie paie \u00e0 ce jour les d\u00e9rives. Il suffit de faire un tour dans les salles d\u2019audience pour comprendre comment, en 20 ann\u00e9es, l\u2019Alg\u00e9rie a \u00e9t\u00e9 d\u00e9pouill\u00e9e et ruin\u00e9e par [&hellip;]<\/p>\n","protected":false},"author":1743,"featured_media":0,"comment_status":"closed","ping_status":"closed","sticky":false,"template":"","format":"standard","meta":{"fifu_image_url":"https:\/\/www.elwatan.com\/wp-content\/themes\/spectr\/img\/default-picture-709x366_c.jpg","fifu_image_alt":"Politique \u00e9conomique de Bouteflika, le grand ratage","footnotes":""},"categories":[73,53],"tags":[],"class_list":["post-127513","post","type-post","status-publish","format-standard","hentry","category-actualite","category-algerie"],"_links":{"self":[{"href":"https:\/\/linitiative.ca\/International\/wp-json\/wp\/v2\/posts\/127513","targetHints":{"allow":["GET"]}}],"collection":[{"href":"https:\/\/linitiative.ca\/International\/wp-json\/wp\/v2\/posts"}],"about":[{"href":"https:\/\/linitiative.ca\/International\/wp-json\/wp\/v2\/types\/post"}],"author":[{"embeddable":true,"href":"https:\/\/linitiative.ca\/International\/wp-json\/wp\/v2\/users\/1743"}],"replies":[{"embeddable":true,"href":"https:\/\/linitiative.ca\/International\/wp-json\/wp\/v2\/comments?post=127513"}],"version-history":[{"count":0,"href":"https:\/\/linitiative.ca\/International\/wp-json\/wp\/v2\/posts\/127513\/revisions"}],"wp:attachment":[{"href":"https:\/\/linitiative.ca\/International\/wp-json\/wp\/v2\/media?parent=127513"}],"wp:term":[{"taxonomy":"category","embeddable":true,"href":"https:\/\/linitiative.ca\/International\/wp-json\/wp\/v2\/categories?post=127513"},{"taxonomy":"post_tag","embeddable":true,"href":"https:\/\/linitiative.ca\/International\/wp-json\/wp\/v2\/tags?post=127513"}],"curies":[{"name":"wp","href":"https:\/\/api.w.org\/{rel}","templated":true}]}}