{"id":127515,"date":"2021-09-19T06:38:30","date_gmt":"2021-09-19T10:38:30","guid":{"rendered":"https:\/\/linitiative.ca\/International\/une-fin-sans-gloire\/"},"modified":"2021-09-19T06:38:30","modified_gmt":"2021-09-19T10:38:30","slug":"une-fin-sans-gloire","status":"publish","type":"post","link":"https:\/\/linitiative.ca\/International\/une-fin-sans-gloire\/","title":{"rendered":"Une fin Sans gloire"},"content":{"rendered":"<div>\n<div class=\"sriret\"><img decoding=\"async\" src=\"https:\/\/linitiative.ca\/International\/wp-content\/uploads\/sites\/23\/2021\/09\/default-picture-709x366_c-63.jpg\"><\/div>\n<p>Le pr\u00e9sident Bouteflika aura laiss\u00e9 une image ab\u00eem\u00e9e dans l\u2019esprit des Alg\u00e9riens, lui qui sera finalement sorti \u00abpar la petite porte\u00bb, comme n\u2019ont cess\u00e9 de le r\u00e9p\u00e9ter les manifestants qui s\u2019\u00e9gosillaient des semaines durant, au plus fort du soul\u00e8vement anti-5e mandat, pour l\u2019obliger \u00e0 partir.<\/p>\n<p>L\u2019ancien pr\u00e9sident de la R\u00e9publique, Abdelaziz Bouteflika, s\u2019est \u00e9teint ce vendredi 17 septembre 2021 dans sa r\u00e9sidence m\u00e9dicalis\u00e9e de Z\u00e9ralda. Il avait 84 ans. Fortement diminu\u00e9 depuis l\u2019AVC qui l\u2019avait terrass\u00e9 en 2013, il n\u2019avait plus fait d\u2019apparition publique depuis sa d\u00e9mission forc\u00e9e le 2 avril 2019 au bout de 40 jours de r\u00e9volte populaire.<\/p>\n<p>Il \u00e9tait apparu au JT de 20h, ce soir-l\u00e0, en djellaba traditionnelle, la voix \u00e0 peine audible, la mine d\u00e9faite, remettant officiellement sa d\u00e9mission \u00e0 Tayeb Bela\u00efz, le pr\u00e9sident du Conseil constitutionnel \u00e0 l\u2019\u00e9poque. Une sc\u00e8ne path\u00e9tique qui r\u00e9sumait la d\u00e9ch\u00e9ance du ra\u00efs, autrefois si populaire, qui venait de r\u00e9gner sur l\u2019Alg\u00e9rie pendant 20 ans, quatre mandats successifs.<\/p>\n<p>Un record de long\u00e9vit\u00e9. Ce 2 avril 2019 marquait sans doute la mort politique de Abdelaziz Bouteflika. Une chute brutale pour ce golden boy du \u00absyst\u00e8me\u00bb \u00e0 qui le pouvoir tendait les bras, et que la vie avait copieusement choy\u00e9, lui qui fut ministre de la Jeunesse et du Tourisme \u00e0 25 ans, d\u00e8s le premier gouvernement de Ben Bella (27 septembre 1962), avant d\u2019occuper, pendant 15 ans, le tr\u00e8s prestigieux poste de ministre des Affaires \u00e9trang\u00e8res, ceci \u00e0 une \u00e9poque o\u00f9 l\u2019Alg\u00e9rie \u00e9tait \u00absexy\u00bb, aur\u00e9ol\u00e9e qu\u2019elle \u00e9tait de son ind\u00e9pendance h\u00e9ro\u00efquement arrach\u00e9e.<\/p>\n<p>L\u2019article <a rel=\"nofollow\" href=\"https:\/\/www.elwatan.com\/a-la-une\/une-fin-sans-gloire-19-09-2021\">Une fin Sans gloire<\/a> est apparu en premier sur <a rel=\"nofollow\" href=\"https:\/\/www.elwatan.com\/\">El Watan<\/a>.<\/p>\n<\/div>\n<p>Auteur: Anis Khecheba<br \/>\n<a href=\"https:\/\/www.elwatan.com\/a-la-une\/une-fin-sans-gloire-19-09-2021\">Cliquez ici pour lire l&rsquo;article depuis sa source.<\/a><\/p>\n","protected":false},"excerpt":{"rendered":"<p>Le pr\u00e9sident Bouteflika aura laiss\u00e9 une image ab\u00eem\u00e9e dans l\u2019esprit des Alg\u00e9riens, lui qui sera finalement sorti \u00abpar la petite porte\u00bb, comme n\u2019ont cess\u00e9 de le r\u00e9p\u00e9ter les manifestants qui s\u2019\u00e9gosillaient des semaines durant, au plus fort du soul\u00e8vement anti-5e mandat, pour l\u2019obliger \u00e0 partir. L\u2019ancien pr\u00e9sident de la R\u00e9publique, Abdelaziz Bouteflika, s\u2019est \u00e9teint ce [&hellip;]<\/p>\n","protected":false},"author":1743,"featured_media":0,"comment_status":"closed","ping_status":"closed","sticky":false,"template":"","format":"standard","meta":{"fifu_image_url":"https:\/\/www.elwatan.com\/wp-content\/themes\/spectr\/img\/default-picture-709x366_c.jpg","fifu_image_alt":"Une fin Sans gloire","footnotes":""},"categories":[73,53],"tags":[],"class_list":["post-127515","post","type-post","status-publish","format-standard","hentry","category-actualite","category-algerie"],"_links":{"self":[{"href":"https:\/\/linitiative.ca\/International\/wp-json\/wp\/v2\/posts\/127515","targetHints":{"allow":["GET"]}}],"collection":[{"href":"https:\/\/linitiative.ca\/International\/wp-json\/wp\/v2\/posts"}],"about":[{"href":"https:\/\/linitiative.ca\/International\/wp-json\/wp\/v2\/types\/post"}],"author":[{"embeddable":true,"href":"https:\/\/linitiative.ca\/International\/wp-json\/wp\/v2\/users\/1743"}],"replies":[{"embeddable":true,"href":"https:\/\/linitiative.ca\/International\/wp-json\/wp\/v2\/comments?post=127515"}],"version-history":[{"count":0,"href":"https:\/\/linitiative.ca\/International\/wp-json\/wp\/v2\/posts\/127515\/revisions"}],"wp:attachment":[{"href":"https:\/\/linitiative.ca\/International\/wp-json\/wp\/v2\/media?parent=127515"}],"wp:term":[{"taxonomy":"category","embeddable":true,"href":"https:\/\/linitiative.ca\/International\/wp-json\/wp\/v2\/categories?post=127515"},{"taxonomy":"post_tag","embeddable":true,"href":"https:\/\/linitiative.ca\/International\/wp-json\/wp\/v2\/tags?post=127515"}],"curies":[{"name":"wp","href":"https:\/\/api.w.org\/{rel}","templated":true}]}}