{"id":127517,"date":"2021-09-19T08:40:50","date_gmt":"2021-09-19T12:40:50","guid":{"rendered":"https:\/\/linitiative.ca\/International\/cour-dalger-le-proces-en-appel-de-tahkout-reporte-au-10-octobre\/"},"modified":"2021-09-19T08:40:50","modified_gmt":"2021-09-19T12:40:50","slug":"cour-dalger-le-proces-en-appel-de-tahkout-reporte-au-10-octobre","status":"publish","type":"post","link":"https:\/\/linitiative.ca\/International\/cour-dalger-le-proces-en-appel-de-tahkout-reporte-au-10-octobre\/","title":{"rendered":"Cour d\u2019Alger : le proc\u00e8s en appel de Tahkout report\u00e9 au 10 octobre"},"content":{"rendered":"<div>\n<div class=\"sriret\"><img loading=\"lazy\" decoding=\"async\" width=\"800\" height=\"534\" src=\"https:\/\/linitiative.ca\/International\/wp-content\/uploads\/sites\/23\/2021\/09\/mahieddine-tahkout.jpg\" class=\"attachment-featured_large size-featured_large wp-post-image\" alt=\"\" style=\"margin-bottom: 15px;\" srcset=\"https:\/\/linitiative.ca\/International\/wp-content\/uploads\/sites\/23\/2021\/09\/mahieddine-tahkout.jpg 800w, https:\/\/www.elwatan.com\/wp-content\/uploads\/2020\/10\/mahieddine-tahkout-300x200.jpg 300w, https:\/\/www.elwatan.com\/wp-content\/uploads\/2020\/10\/mahieddine-tahkout-768x513.jpg 768w\" sizes=\"auto, (max-width: 800px) 100vw, 800px\"><\/div>\n<p>La chambre p\u00e9nale de la Cour d\u2019Alger a report\u00e9 dimanche 19 septembre le proc\u00e8s de l\u2019homme d\u2019affaires Mahieddine Tahkout, poursuivi pour corruption aux c\u00f4t\u00e9s d\u2019anciens responsables, au 10 octobre prochain \u00e0 la demande du collectif de d\u00e9fense.<\/p>\n<p>L\u2019affaire a \u00e9t\u00e9 r\u00e9inscrite au r\u00f4le de la sixi\u00e8me chambre p\u00e9nale de la Cour d\u2019Alger, apr\u00e8s que la Cour supr\u00eame a rejet\u00e9, en mai dernier, tous les pourvois en cassation introduits par les accus\u00e9s et accept\u00e9 celui du parquet g\u00e9n\u00e9ral concernant la d\u00e9cision rendue pour certaines accusations et la peine prononc\u00e9e pour certains accus\u00e9s le 18 novembre dernier.<\/p>\n<p>Les pourvois en cassation pr\u00e9sent\u00e9s par les parties civiles et le juriste du Tr\u00e9sor public ont \u00e9t\u00e9 accept\u00e9s dans la forme et dans le fond.<\/p>\n<p>Le 18 novembre dernier, la Cour d\u2019Alger avait condamn\u00e9 l\u2019homme d\u2019affaires Mahieddine Tahkout \u00e0 quatorze (14) ans de prison ferme et les anciens Premiers ministres Ahmed Ouyahia et Abdelmalek Sellal \u00e0 une peine de cinq (5) ans de prison ferme.<\/p>\n<p>Les anciens ministres Youcef Yousfi et Amar Ghoul ont \u00e9cop\u00e9 de dix-huit (18) mois de prison avec sursis et l\u2019ancien ministre Abdelghani Za\u00e2lane a \u00e9t\u00e9 acquitt\u00e9.<\/p>\n<p>L\u2019article <a rel=\"nofollow\" href=\"https:\/\/www.elwatan.com\/edition\/actualite\/cour-dalger-le-proces-en-appel-de-tahkout-reporte-au-10-octobre-19-09-2021\">Cour d\u2019Alger : le proc\u00e8s en appel de Tahkout report\u00e9 au 10 octobre<\/a> est apparu en premier sur <a rel=\"nofollow\" href=\"https:\/\/www.elwatan.com\/\">El Watan<\/a>.<\/p>\n<\/div>\n<p>Auteur: Mohand Yahiaoui<br \/>\n<a href=\"https:\/\/www.elwatan.com\/edition\/actualite\/cour-dalger-le-proces-en-appel-de-tahkout-reporte-au-10-octobre-19-09-2021\">Cliquez ici pour lire l&rsquo;article depuis sa source.<\/a><\/p>\n","protected":false},"excerpt":{"rendered":"<p>La chambre p\u00e9nale de la Cour d\u2019Alger a report\u00e9 dimanche 19 septembre le proc\u00e8s de l\u2019homme d\u2019affaires Mahieddine Tahkout, poursuivi pour corruption aux c\u00f4t\u00e9s d\u2019anciens responsables, au 10 octobre prochain \u00e0 la demande du collectif de d\u00e9fense. L\u2019affaire a \u00e9t\u00e9 r\u00e9inscrite au r\u00f4le de la sixi\u00e8me chambre p\u00e9nale de la Cour d\u2019Alger, apr\u00e8s que la [&hellip;]<\/p>\n","protected":false},"author":1743,"featured_media":0,"comment_status":"closed","ping_status":"closed","sticky":false,"template":"","format":"standard","meta":{"fifu_image_url":"https:\/\/www.elwatan.com\/wp-content\/uploads\/2020\/10\/mahieddine-tahkout.jpg","fifu_image_alt":"Cour d\u2019Alger : le proc\u00e8s en appel de Tahkout report\u00e9 au 10 octobre","footnotes":""},"categories":[73,53],"tags":[],"class_list":["post-127517","post","type-post","status-publish","format-standard","hentry","category-actualite","category-algerie"],"_links":{"self":[{"href":"https:\/\/linitiative.ca\/International\/wp-json\/wp\/v2\/posts\/127517","targetHints":{"allow":["GET"]}}],"collection":[{"href":"https:\/\/linitiative.ca\/International\/wp-json\/wp\/v2\/posts"}],"about":[{"href":"https:\/\/linitiative.ca\/International\/wp-json\/wp\/v2\/types\/post"}],"author":[{"embeddable":true,"href":"https:\/\/linitiative.ca\/International\/wp-json\/wp\/v2\/users\/1743"}],"replies":[{"embeddable":true,"href":"https:\/\/linitiative.ca\/International\/wp-json\/wp\/v2\/comments?post=127517"}],"version-history":[{"count":0,"href":"https:\/\/linitiative.ca\/International\/wp-json\/wp\/v2\/posts\/127517\/revisions"}],"wp:attachment":[{"href":"https:\/\/linitiative.ca\/International\/wp-json\/wp\/v2\/media?parent=127517"}],"wp:term":[{"taxonomy":"category","embeddable":true,"href":"https:\/\/linitiative.ca\/International\/wp-json\/wp\/v2\/categories?post=127517"},{"taxonomy":"post_tag","embeddable":true,"href":"https:\/\/linitiative.ca\/International\/wp-json\/wp\/v2\/tags?post=127517"}],"curies":[{"name":"wp","href":"https:\/\/api.w.org\/{rel}","templated":true}]}}