{"id":127519,"date":"2021-09-19T09:06:55","date_gmt":"2021-09-19T13:06:55","guid":{"rendered":"https:\/\/linitiative.ca\/International\/deces-abdelaziz-bouteflika-inhume-au-carre-des-martyrs-du-cimetiere-el-alia\/"},"modified":"2021-09-19T09:06:55","modified_gmt":"2021-09-19T13:06:55","slug":"deces-abdelaziz-bouteflika-inhume-au-carre-des-martyrs-du-cimetiere-el-alia","status":"publish","type":"post","link":"https:\/\/linitiative.ca\/International\/deces-abdelaziz-bouteflika-inhume-au-carre-des-martyrs-du-cimetiere-el-alia\/","title":{"rendered":"D\u00e9c\u00e8s : Abdelaziz Bouteflika inhum\u00e9 au Carr\u00e9 des Martyrs du cimeti\u00e8re El-Alia"},"content":{"rendered":"<div>\n<div class=\"sriret\"><img loading=\"lazy\" decoding=\"async\" width=\"800\" height=\"509\" src=\"https:\/\/linitiative.ca\/International\/wp-content\/uploads\/sites\/23\/2021\/09\/bouteflika-e1554165179813.gif\" class=\"attachment-featured_large size-featured_large wp-post-image\" alt=\"\" style=\"margin-bottom: 15px;\"><\/div>\n<p>Abdelaziz Bouteflika, ancien pr\u00e9sident de la R\u00e9publique d\u00e9c\u00e9d\u00e9 vendredi \u00e0 l\u2019\u00e2ge de 84 ans, a \u00e9t\u00e9 inhum\u00e9 dimanche 19 septembre apr\u00e8s-midi au Carr\u00e9 des Martyrs du cimeti\u00e8re El-Alia (Alger), en pr\u00e9sence du pr\u00e9sident de la R\u00e9publique, Abdelmadjid Tebboune.<\/p>\n<p>De hauts responsables de l\u2019Etat, des membres du gouvernement et des membres de la famille du d\u00e9funt ont \u00e9galement assist\u00e9 aux fun\u00e9railles. Le ministre des Moudjahidine et des Ayants droit, La\u00efd Rebiga, a prononc\u00e9, \u00e0 cette occasion, une oraison fun\u00e8bre, avant la mise en terre de la d\u00e9pouille.<\/p>\n<p>L\u2019article <a rel=\"nofollow\" href=\"https:\/\/www.elwatan.com\/edition\/actualite\/deces-abdelaziz-bouteflika-inhume-au-carre-des-martyrs-du-cimetiere-el-alia-19-09-2021\">D\u00e9c\u00e8s : Abdelaziz Bouteflika inhum\u00e9 au Carr\u00e9 des Martyrs du cimeti\u00e8re El-Alia<\/a> est apparu en premier sur <a rel=\"nofollow\" href=\"https:\/\/www.elwatan.com\/\">El Watan<\/a>.<\/p>\n<\/div>\n<p>Auteur: Mohand Yahiaoui<br \/>\n<a href=\"https:\/\/www.elwatan.com\/edition\/actualite\/deces-abdelaziz-bouteflika-inhume-au-carre-des-martyrs-du-cimetiere-el-alia-19-09-2021\">Cliquez ici pour lire l&rsquo;article depuis sa source.<\/a><\/p>\n","protected":false},"excerpt":{"rendered":"<p>Abdelaziz Bouteflika, ancien pr\u00e9sident de la R\u00e9publique d\u00e9c\u00e9d\u00e9 vendredi \u00e0 l\u2019\u00e2ge de 84 ans, a \u00e9t\u00e9 inhum\u00e9 dimanche 19 septembre apr\u00e8s-midi au Carr\u00e9 des Martyrs du cimeti\u00e8re El-Alia (Alger), en pr\u00e9sence du pr\u00e9sident de la R\u00e9publique, Abdelmadjid Tebboune. De hauts responsables de l\u2019Etat, des membres du gouvernement et des membres de la famille du d\u00e9funt [&hellip;]<\/p>\n","protected":false},"author":1743,"featured_media":0,"comment_status":"closed","ping_status":"closed","sticky":false,"template":"","format":"standard","meta":{"fifu_image_url":"https:\/\/www.elwatan.com\/wp-content\/uploads\/2019\/04\/bouteflika-e1554165179813.gif","fifu_image_alt":"D\u00e9c\u00e8s : Abdelaziz Bouteflika inhum\u00e9 au Carr\u00e9 des Martyrs du cimeti\u00e8re El-Alia","footnotes":""},"categories":[73,53],"tags":[],"class_list":["post-127519","post","type-post","status-publish","format-standard","hentry","category-actualite","category-algerie"],"_links":{"self":[{"href":"https:\/\/linitiative.ca\/International\/wp-json\/wp\/v2\/posts\/127519","targetHints":{"allow":["GET"]}}],"collection":[{"href":"https:\/\/linitiative.ca\/International\/wp-json\/wp\/v2\/posts"}],"about":[{"href":"https:\/\/linitiative.ca\/International\/wp-json\/wp\/v2\/types\/post"}],"author":[{"embeddable":true,"href":"https:\/\/linitiative.ca\/International\/wp-json\/wp\/v2\/users\/1743"}],"replies":[{"embeddable":true,"href":"https:\/\/linitiative.ca\/International\/wp-json\/wp\/v2\/comments?post=127519"}],"version-history":[{"count":0,"href":"https:\/\/linitiative.ca\/International\/wp-json\/wp\/v2\/posts\/127519\/revisions"}],"wp:attachment":[{"href":"https:\/\/linitiative.ca\/International\/wp-json\/wp\/v2\/media?parent=127519"}],"wp:term":[{"taxonomy":"category","embeddable":true,"href":"https:\/\/linitiative.ca\/International\/wp-json\/wp\/v2\/categories?post=127519"},{"taxonomy":"post_tag","embeddable":true,"href":"https:\/\/linitiative.ca\/International\/wp-json\/wp\/v2\/tags?post=127519"}],"curies":[{"name":"wp","href":"https:\/\/api.w.org\/{rel}","templated":true}]}}