{"id":127521,"date":"2021-09-19T04:00:00","date_gmt":"2021-09-19T08:00:00","guid":{"rendered":"https:\/\/linitiative.ca\/International\/robert-pelletreau-souvenirs-de-tunisie-1987-1991\/"},"modified":"2021-09-19T04:00:00","modified_gmt":"2021-09-19T08:00:00","slug":"robert-pelletreau-souvenirs-de-tunisie-1987-1991","status":"publish","type":"post","link":"https:\/\/linitiative.ca\/International\/robert-pelletreau-souvenirs-de-tunisie-1987-1991\/","title":{"rendered":"Robert Pelletreau: Souvenirs de Tunisie 1987-1991"},"content":{"rendered":"<div><img decoding=\"async\" src=\"https:\/\/linitiative.ca\/International\/wp-content\/uploads\/sites\/23\/2021\/09\/1631894099_article.jpg\" alt=\"Robert Pelletreau: Souvenirs de Tunisie 1987-1991\" align=\"left\">Le poste d\u2019Ambassadeur des \u00c9tats-Unis en Tunisie s\u2019est soudainement ouvert, lorsqu\u2019une crise familiale inattendue a conduit \u00e0 la d\u00e9mission anticip\u00e9e de mon pr\u00e9d\u00e9cesseur. J\u2019\u00e9tais parmi les candidats pour lui succ\u00e9der. L\u2019Afrique du Nord m\u2019int\u00e9ressait particuli\u00e8rement depuis que j\u2019\u00e9tais \u00e9tudiant \u00e0 Sciences Po \u00e0 Paris, entre 1955 et 1956.<br \/>\nLa p\u00e9riode \u00e0 venir s\u2019annonce int\u00e9ressante et importante pour l\u2019ambassadeur am\u00e9ricain \u00e0 Tunis. L\u2019Organisation de lib\u00e9ration de la Palestine y a r\u00e9cemment d\u00e9m\u00e9nag\u00e9. La Ligue arabe y \u00e9tait temporairement install\u00e9e. Et la \u00ab fin du r\u00e9gime \u00bb de l\u2019\u00e8re Bourguiba semblait susceptible de se produire. J\u2019ai \u00e9t\u00e9 ravi &#8230;<\/p>\n<\/div>\n<p>Auteur:<br \/>\n<a href=\"https:\/\/www.leaders.com.tn\/article\/32426-robert-pelletreau-souvenirs-de-tunisie-1987-1991\">Cliquez ici pour lire l&rsquo;article depuis sa source.<\/a><\/p>\n","protected":false},"excerpt":{"rendered":"<p>Le poste d\u2019Ambassadeur des \u00c9tats-Unis en Tunisie s\u2019est soudainement ouvert, lorsqu\u2019une crise familiale inattendue a conduit \u00e0 la d\u00e9mission anticip\u00e9e de mon pr\u00e9d\u00e9cesseur. J\u2019\u00e9tais parmi les candidats pour lui succ\u00e9der. L\u2019Afrique du Nord m\u2019int\u00e9ressait particuli\u00e8rement depuis que j\u2019\u00e9tais \u00e9tudiant \u00e0 Sciences Po \u00e0 Paris, entre 1955 et 1956. La p\u00e9riode \u00e0 venir s\u2019annonce int\u00e9ressante et [&hellip;]<\/p>\n","protected":false},"author":1772,"featured_media":0,"comment_status":"closed","ping_status":"closed","sticky":false,"template":"","format":"standard","meta":{"fifu_image_url":"http:\/\/www.leaders.com.tn\/uploads\/content\/thumbnails_small\/1631894099_article.jpg","fifu_image_alt":"Robert Pelletreau: Souvenirs de Tunisie 1987-1991","footnotes":""},"categories":[73,55],"tags":[],"class_list":["post-127521","post","type-post","status-publish","format-standard","hentry","category-actualite","category-tunisie"],"_links":{"self":[{"href":"https:\/\/linitiative.ca\/International\/wp-json\/wp\/v2\/posts\/127521","targetHints":{"allow":["GET"]}}],"collection":[{"href":"https:\/\/linitiative.ca\/International\/wp-json\/wp\/v2\/posts"}],"about":[{"href":"https:\/\/linitiative.ca\/International\/wp-json\/wp\/v2\/types\/post"}],"author":[{"embeddable":true,"href":"https:\/\/linitiative.ca\/International\/wp-json\/wp\/v2\/users\/1772"}],"replies":[{"embeddable":true,"href":"https:\/\/linitiative.ca\/International\/wp-json\/wp\/v2\/comments?post=127521"}],"version-history":[{"count":0,"href":"https:\/\/linitiative.ca\/International\/wp-json\/wp\/v2\/posts\/127521\/revisions"}],"wp:attachment":[{"href":"https:\/\/linitiative.ca\/International\/wp-json\/wp\/v2\/media?parent=127521"}],"wp:term":[{"taxonomy":"category","embeddable":true,"href":"https:\/\/linitiative.ca\/International\/wp-json\/wp\/v2\/categories?post=127521"},{"taxonomy":"post_tag","embeddable":true,"href":"https:\/\/linitiative.ca\/International\/wp-json\/wp\/v2\/tags?post=127521"}],"curies":[{"name":"wp","href":"https:\/\/api.w.org\/{rel}","templated":true}]}}