{"id":127523,"date":"2021-09-19T06:10:00","date_gmt":"2021-09-19T10:10:00","guid":{"rendered":"https:\/\/linitiative.ca\/International\/hommage-au-pr-sabeh-mzabi-ancienne-cheffe-de-service-service-danatomie-pathologie-de-lhopital-mongi-slim\/"},"modified":"2021-09-19T06:10:00","modified_gmt":"2021-09-19T10:10:00","slug":"hommage-au-pr-sabeh-mzabi-ancienne-cheffe-de-service-service-danatomie-pathologie-de-lhopital-mongi-slim","status":"publish","type":"post","link":"https:\/\/linitiative.ca\/International\/hommage-au-pr-sabeh-mzabi-ancienne-cheffe-de-service-service-danatomie-pathologie-de-lhopital-mongi-slim\/","title":{"rendered":"Hommage au Pr Sabeh Mzabi, ancienne cheffe de service service d\u2019anatomie pathologie de l\u2019h\u00f4pital Mongi Slim"},"content":{"rendered":"<div><img decoding=\"async\" src=\"https:\/\/linitiative.ca\/International\/wp-content\/uploads\/sites\/23\/2021\/09\/1632043417_article.jpg\" alt=\"Comm\u00e9moration du 40\u00e8me jour du Pr Sabeh Mzabi, ancienne cheffe de service d\u2019anatomo-pathologie de l\u2019h\u00f4pital Mongi Slim\" align=\"left\">Par Pr A\u00efda Ayadi &#8211; Hommage \u00e0 mon ma\u00eetre, une femme de conviction et de c\u0153ur.<br \/>\nJe ne pensais pas qu\u2019un jour, allait m\u2019\u00e9choir le triste privil\u00e8ge de retracer son itin\u00e9raire et de lui rendre un hommage fun\u00e8bre au nom de ceux qui l\u2019ont connue. Sa disparition, voil\u00e0 maintenant d\u00e9j\u00e0 40 jours, a provoqu\u00e9 en nous un immense choc et un profond chagrin.<br \/>\nC\u2019est avec une grande tristesse et une grande \u00e9motion que j\u2019\u00e9voque la m\u00e9moire d\u2019une femme pour qui j\u2019ai un grand respect, une admiration et une grande reconnaissance.<br \/>\nLe Professeur Sabeh Mzabi, dont la famille est originaire de Sousse, a vu le jour le 18 octobre 1951 \u00e0 Tunis. Elle a effectu\u00e9 ses \u00e9tudes primaires au &#8230;<\/p>\n<\/div>\n<p>Auteur:<br \/>\n<a href=\"https:\/\/www.leaders.com.tn\/article\/32427-commemoration-du-40eme-jour-du-pr-sabeh-mzabi-ancienne-cheffe-de-service-d-anatomo-pathologie-de-l-hopital-mongi-slim\">Cliquez ici pour lire l&rsquo;article depuis sa source.<\/a><\/p>\n","protected":false},"excerpt":{"rendered":"<p>Par Pr A\u00efda Ayadi &#8211; Hommage \u00e0 mon ma\u00eetre, une femme de conviction et de c\u0153ur. Je ne pensais pas qu\u2019un jour, allait m\u2019\u00e9choir le triste privil\u00e8ge de retracer son itin\u00e9raire et de lui rendre un hommage fun\u00e8bre au nom de ceux qui l\u2019ont connue. Sa disparition, voil\u00e0 maintenant d\u00e9j\u00e0 40 jours, a provoqu\u00e9 en [&hellip;]<\/p>\n","protected":false},"author":1772,"featured_media":0,"comment_status":"closed","ping_status":"closed","sticky":false,"template":"","format":"standard","meta":{"fifu_image_url":"http:\/\/www.leaders.com.tn\/uploads\/content\/thumbnails_small\/1632043417_article.jpg","fifu_image_alt":"Hommage au Pr Sabeh Mzabi, ancienne cheffe de service service d\u2019anatomie pathologie de l\u2019h\u00f4pital Mongi Slim","footnotes":""},"categories":[73,55],"tags":[],"class_list":["post-127523","post","type-post","status-publish","format-standard","hentry","category-actualite","category-tunisie"],"_links":{"self":[{"href":"https:\/\/linitiative.ca\/International\/wp-json\/wp\/v2\/posts\/127523","targetHints":{"allow":["GET"]}}],"collection":[{"href":"https:\/\/linitiative.ca\/International\/wp-json\/wp\/v2\/posts"}],"about":[{"href":"https:\/\/linitiative.ca\/International\/wp-json\/wp\/v2\/types\/post"}],"author":[{"embeddable":true,"href":"https:\/\/linitiative.ca\/International\/wp-json\/wp\/v2\/users\/1772"}],"replies":[{"embeddable":true,"href":"https:\/\/linitiative.ca\/International\/wp-json\/wp\/v2\/comments?post=127523"}],"version-history":[{"count":0,"href":"https:\/\/linitiative.ca\/International\/wp-json\/wp\/v2\/posts\/127523\/revisions"}],"wp:attachment":[{"href":"https:\/\/linitiative.ca\/International\/wp-json\/wp\/v2\/media?parent=127523"}],"wp:term":[{"taxonomy":"category","embeddable":true,"href":"https:\/\/linitiative.ca\/International\/wp-json\/wp\/v2\/categories?post=127523"},{"taxonomy":"post_tag","embeddable":true,"href":"https:\/\/linitiative.ca\/International\/wp-json\/wp\/v2\/tags?post=127523"}],"curies":[{"name":"wp","href":"https:\/\/api.w.org\/{rel}","templated":true}]}}