{"id":127526,"date":"2021-09-19T06:00:00","date_gmt":"2021-09-19T10:00:00","guid":{"rendered":"https:\/\/linitiative.ca\/International\/les-francais-quittent-volontairement-lalgerie-apres-132-ans-de-vacances\/"},"modified":"2021-09-19T06:00:00","modified_gmt":"2021-09-19T10:00:00","slug":"les-francais-quittent-volontairement-lalgerie-apres-132-ans-de-vacances","status":"publish","type":"post","link":"https:\/\/linitiative.ca\/International\/les-francais-quittent-volontairement-lalgerie-apres-132-ans-de-vacances\/","title":{"rendered":"\u00abLes Fran\u00e7ais quittent volontairement l\u2019Alg\u00e9rie, apr\u00e8s 132 ans de vacances&#8230;\u00bb"},"content":{"rendered":"<div>Notre Lakhdar Brahimi a d\u00e9clar\u00e9, lors d\u2019un entretien accord\u00e9 au journal fran\u00e7ais Le Monde, concernant le d\u00e9part am\u00e9ricain d\u2019Afghanistan, apr\u00e8s vingt ans de pr\u00e9sence \u2013 de 2001 \u00e0 2021 \u2013, je cite ses<\/div>\n<p>Auteur:<br \/>\n<a href=\"https:\/\/www.lesoirdalgerie.com\/contribution\/les-francais-quittent-volontairement-lalgerie-apres-132-ans-de-vacances-67641\">Cliquez ici pour lire l&rsquo;article depuis sa source.<\/a><\/p>\n","protected":false},"excerpt":{"rendered":"<p>Notre Lakhdar Brahimi a d\u00e9clar\u00e9, lors d\u2019un entretien accord\u00e9 au journal fran\u00e7ais Le Monde, concernant le d\u00e9part am\u00e9ricain d\u2019Afghanistan, apr\u00e8s vingt ans de pr\u00e9sence \u2013 de 2001 \u00e0 2021 \u2013, je cite ses Auteur: Cliquez ici pour lire l&rsquo;article depuis sa source.<\/p>\n","protected":false},"author":1741,"featured_media":0,"comment_status":"closed","ping_status":"closed","sticky":false,"template":"","format":"standard","meta":{"fifu_image_url":"","fifu_image_alt":"","footnotes":""},"categories":[73,53],"tags":[],"class_list":["post-127526","post","type-post","status-publish","format-standard","hentry","category-actualite","category-algerie"],"_links":{"self":[{"href":"https:\/\/linitiative.ca\/International\/wp-json\/wp\/v2\/posts\/127526","targetHints":{"allow":["GET"]}}],"collection":[{"href":"https:\/\/linitiative.ca\/International\/wp-json\/wp\/v2\/posts"}],"about":[{"href":"https:\/\/linitiative.ca\/International\/wp-json\/wp\/v2\/types\/post"}],"author":[{"embeddable":true,"href":"https:\/\/linitiative.ca\/International\/wp-json\/wp\/v2\/users\/1741"}],"replies":[{"embeddable":true,"href":"https:\/\/linitiative.ca\/International\/wp-json\/wp\/v2\/comments?post=127526"}],"version-history":[{"count":0,"href":"https:\/\/linitiative.ca\/International\/wp-json\/wp\/v2\/posts\/127526\/revisions"}],"wp:attachment":[{"href":"https:\/\/linitiative.ca\/International\/wp-json\/wp\/v2\/media?parent=127526"}],"wp:term":[{"taxonomy":"category","embeddable":true,"href":"https:\/\/linitiative.ca\/International\/wp-json\/wp\/v2\/categories?post=127526"},{"taxonomy":"post_tag","embeddable":true,"href":"https:\/\/linitiative.ca\/International\/wp-json\/wp\/v2\/tags?post=127526"}],"curies":[{"name":"wp","href":"https:\/\/api.w.org\/{rel}","templated":true}]}}