{"id":127528,"date":"2021-09-19T06:00:00","date_gmt":"2021-09-19T10:00:00","guid":{"rendered":"https:\/\/linitiative.ca\/International\/lallemagne-prend-ses-precautions\/"},"modified":"2021-09-19T06:00:00","modified_gmt":"2021-09-19T10:00:00","slug":"lallemagne-prend-ses-precautions","status":"publish","type":"post","link":"https:\/\/linitiative.ca\/International\/lallemagne-prend-ses-precautions\/","title":{"rendered":"L\u2019Allemagne prend ses pr\u00e9cautions"},"content":{"rendered":"<div>Le gouvernement allemand vient d\u2019adopter \u00abla nouvelle strat\u00e9gie de cybers\u00e9curit\u00e9 2021\u00bb, qui remplace celle de 2016. Ce plan, \u00e9tabli pour les cinq prochaines ann\u00e9es, pr\u00e9voit, entre autres, de renforcer<\/div>\n<p>Auteur:<br \/>\n<a href=\"https:\/\/www.lesoirdalgerie.com\/periscoop\/lallemagne-prend-ses-precautions-67639\">Cliquez ici pour lire l&rsquo;article depuis sa source.<\/a><\/p>\n","protected":false},"excerpt":{"rendered":"<p>Le gouvernement allemand vient d\u2019adopter \u00abla nouvelle strat\u00e9gie de cybers\u00e9curit\u00e9 2021\u00bb, qui remplace celle de 2016. Ce plan, \u00e9tabli pour les cinq prochaines ann\u00e9es, pr\u00e9voit, entre autres, de renforcer Auteur: Cliquez ici pour lire l&rsquo;article depuis sa source.<\/p>\n","protected":false},"author":1741,"featured_media":0,"comment_status":"closed","ping_status":"closed","sticky":false,"template":"","format":"standard","meta":{"fifu_image_url":"","fifu_image_alt":"","footnotes":""},"categories":[73,53],"tags":[],"class_list":["post-127528","post","type-post","status-publish","format-standard","hentry","category-actualite","category-algerie"],"_links":{"self":[{"href":"https:\/\/linitiative.ca\/International\/wp-json\/wp\/v2\/posts\/127528","targetHints":{"allow":["GET"]}}],"collection":[{"href":"https:\/\/linitiative.ca\/International\/wp-json\/wp\/v2\/posts"}],"about":[{"href":"https:\/\/linitiative.ca\/International\/wp-json\/wp\/v2\/types\/post"}],"author":[{"embeddable":true,"href":"https:\/\/linitiative.ca\/International\/wp-json\/wp\/v2\/users\/1741"}],"replies":[{"embeddable":true,"href":"https:\/\/linitiative.ca\/International\/wp-json\/wp\/v2\/comments?post=127528"}],"version-history":[{"count":0,"href":"https:\/\/linitiative.ca\/International\/wp-json\/wp\/v2\/posts\/127528\/revisions"}],"wp:attachment":[{"href":"https:\/\/linitiative.ca\/International\/wp-json\/wp\/v2\/media?parent=127528"}],"wp:term":[{"taxonomy":"category","embeddable":true,"href":"https:\/\/linitiative.ca\/International\/wp-json\/wp\/v2\/categories?post=127528"},{"taxonomy":"post_tag","embeddable":true,"href":"https:\/\/linitiative.ca\/International\/wp-json\/wp\/v2\/tags?post=127528"}],"curies":[{"name":"wp","href":"https:\/\/api.w.org\/{rel}","templated":true}]}}