{"id":127530,"date":"2021-09-19T06:07:49","date_gmt":"2021-09-19T10:07:49","guid":{"rendered":"https:\/\/linitiative.ca\/International\/festival-de-fes-de-la-culture-soufie-une-14eme-edition-a-la-fois-en-presentiel-et-en-digital\/"},"modified":"2021-09-19T06:07:49","modified_gmt":"2021-09-19T10:07:49","slug":"festival-de-fes-de-la-culture-soufie-une-14eme-edition-a-la-fois-en-presentiel-et-en-digital","status":"publish","type":"post","link":"https:\/\/linitiative.ca\/International\/festival-de-fes-de-la-culture-soufie-une-14eme-edition-a-la-fois-en-presentiel-et-en-digital\/","title":{"rendered":"Festival de F\u00e8s de la culture soufie. Une 14\u00e8me \u00e9dition \u00e0 la fois en pr\u00e9sentiel et en digital"},"content":{"rendered":"<div><img decoding=\"async\" width=\"600\" height=\"411\" src=\"https:\/\/linitiative.ca\/International\/wp-content\/uploads\/sites\/23\/2021\/09\/FES-1.jpg\" class=\"attachment-post-thumbnail size-post-thumbnail wp-post-image\" alt=\"\" loading=\"lazy\" srcset=\"https:\/\/linitiative.ca\/International\/wp-content\/uploads\/sites\/23\/2021\/09\/FES-1.jpg 600w, https:\/\/www.challenge.ma\/wp-content\/uploads\/2021\/09\/FES-1-300x206.jpg 300w, https:\/\/www.challenge.ma\/wp-content\/uploads\/2021\/09\/FES-1-360x247.jpg 360w\" sizes=\"auto, (max-width: 600px) 100vw, 600px\" itemprop=\"image\">La capitale spirituelle du Royaume s\u2019appr\u00eate \u00e0 accueillir, du 9 au 16 octobre 21, \u00a0la 14\u00e8me \u00e9dition du Festival de F\u00e8s de la Culture Soufie sur le th\u00e8me suivant : \u00ab Voyage sur les Hauts Lieux du Soufisme \u00bb. Cette \u00e9dition \u00ab\u00a0aura lieu sous une forme hybride, \u00e0 la fois<\/div>\n<p>Auteur: challenge<br \/>\n<a href=\"https:\/\/www.challenge.ma\/festival-de-fes-de-la-culture-soufie-une-14eme-edition-a-la-fois-en-presentiel-et-en-digital-221233\/\">Cliquez ici pour lire l&rsquo;article depuis sa source.<\/a><\/p>\n","protected":false},"excerpt":{"rendered":"<p>La capitale spirituelle du Royaume s\u2019appr\u00eate \u00e0 accueillir, du 9 au 16 octobre 21, \u00a0la 14\u00e8me \u00e9dition du Festival de F\u00e8s de la Culture Soufie sur le th\u00e8me suivant : \u00ab Voyage sur les Hauts Lieux du Soufisme \u00bb. Cette \u00e9dition \u00ab\u00a0aura lieu sous une forme hybride, \u00e0 la fois Auteur: challenge Cliquez ici pour [&hellip;]<\/p>\n","protected":false},"author":1787,"featured_media":0,"comment_status":"closed","ping_status":"closed","sticky":false,"template":"","format":"standard","meta":{"fifu_image_url":"https:\/\/www.challenge.ma\/wp-content\/uploads\/2021\/09\/FES-1.jpg","fifu_image_alt":"Festival de F\u00e8s de la culture soufie. Une 14\u00e8me \u00e9dition \u00e0 la fois en pr\u00e9sentiel et en digital","footnotes":""},"categories":[78,54],"tags":[],"class_list":["post-127530","post","type-post","status-publish","format-standard","hentry","category-economie","category-maroc"],"_links":{"self":[{"href":"https:\/\/linitiative.ca\/International\/wp-json\/wp\/v2\/posts\/127530","targetHints":{"allow":["GET"]}}],"collection":[{"href":"https:\/\/linitiative.ca\/International\/wp-json\/wp\/v2\/posts"}],"about":[{"href":"https:\/\/linitiative.ca\/International\/wp-json\/wp\/v2\/types\/post"}],"author":[{"embeddable":true,"href":"https:\/\/linitiative.ca\/International\/wp-json\/wp\/v2\/users\/1787"}],"replies":[{"embeddable":true,"href":"https:\/\/linitiative.ca\/International\/wp-json\/wp\/v2\/comments?post=127530"}],"version-history":[{"count":0,"href":"https:\/\/linitiative.ca\/International\/wp-json\/wp\/v2\/posts\/127530\/revisions"}],"wp:attachment":[{"href":"https:\/\/linitiative.ca\/International\/wp-json\/wp\/v2\/media?parent=127530"}],"wp:term":[{"taxonomy":"category","embeddable":true,"href":"https:\/\/linitiative.ca\/International\/wp-json\/wp\/v2\/categories?post=127530"},{"taxonomy":"post_tag","embeddable":true,"href":"https:\/\/linitiative.ca\/International\/wp-json\/wp\/v2\/tags?post=127530"}],"curies":[{"name":"wp","href":"https:\/\/api.w.org\/{rel}","templated":true}]}}