{"id":127532,"date":"2021-09-19T07:14:46","date_gmt":"2021-09-19T11:14:46","guid":{"rendered":"https:\/\/linitiative.ca\/International\/participation-au-gouvernement-le-conseil-national-de-listiqlal-donne-son-feu-vert\/"},"modified":"2021-09-19T07:14:46","modified_gmt":"2021-09-19T11:14:46","slug":"participation-au-gouvernement-le-conseil-national-de-listiqlal-donne-son-feu-vert","status":"publish","type":"post","link":"https:\/\/linitiative.ca\/International\/participation-au-gouvernement-le-conseil-national-de-listiqlal-donne-son-feu-vert\/","title":{"rendered":"Participation au gouvernement. Le Conseil National de l\u2019Istiqlal donne son feu vert"},"content":{"rendered":"<div><img decoding=\"async\" width=\"1200\" height=\"600\" src=\"https:\/\/linitiative.ca\/International\/wp-content\/uploads\/sites\/23\/2021\/09\/ISTIQLAL.jpg\" class=\"attachment-post-thumbnail size-post-thumbnail wp-post-image\" alt=\"\" loading=\"lazy\" srcset=\"https:\/\/linitiative.ca\/International\/wp-content\/uploads\/sites\/23\/2021\/09\/ISTIQLAL.jpg 1200w, https:\/\/www.challenge.ma\/wp-content\/uploads\/2021\/09\/ISTIQLAL-300x150.jpg 300w, https:\/\/www.challenge.ma\/wp-content\/uploads\/2021\/09\/ISTIQLAL-1024x512.jpg 1024w, https:\/\/www.challenge.ma\/wp-content\/uploads\/2021\/09\/ISTIQLAL-768x384.jpg 768w, https:\/\/www.challenge.ma\/wp-content\/uploads\/2021\/09\/ISTIQLAL-360x180.jpg 360w, https:\/\/www.challenge.ma\/wp-content\/uploads\/2021\/09\/ISTIQLAL-750x375.jpg 750w\" sizes=\"auto, (max-width: 1200px) 100vw, 1200px\" itemprop=\"image\">Le Conseil National de l\u2019Istiqlal, r\u00e9uni en mode virtuel hier samedi 18 septembre, le conseil national a donn\u00e9 son aval au Secr\u00e9taire G\u00e9n\u00e9ral du parti Nizar Baraka pour g\u00e9rer les n\u00e9gociations relatives \u00e0 la formation de la majorit\u00e9 gouvernementale. Le Parti de l\u2019Istiqlal qui a pass\u00e9 plusieurs ann\u00e9es dans l\u2019opposition<\/div>\n<p>Auteur: challenge<br \/>\n<a href=\"https:\/\/www.challenge.ma\/participation-au-gouvernement-le-conseil-national-de-listiqlal-donne-son-feu-vert-221237\/\">Cliquez ici pour lire l&rsquo;article depuis sa source.<\/a><\/p>\n","protected":false},"excerpt":{"rendered":"<p>Le Conseil National de l\u2019Istiqlal, r\u00e9uni en mode virtuel hier samedi 18 septembre, le conseil national a donn\u00e9 son aval au Secr\u00e9taire G\u00e9n\u00e9ral du parti Nizar Baraka pour g\u00e9rer les n\u00e9gociations relatives \u00e0 la formation de la majorit\u00e9 gouvernementale. Le Parti de l\u2019Istiqlal qui a pass\u00e9 plusieurs ann\u00e9es dans l\u2019opposition Auteur: challenge Cliquez ici pour [&hellip;]<\/p>\n","protected":false},"author":1787,"featured_media":0,"comment_status":"closed","ping_status":"closed","sticky":false,"template":"","format":"standard","meta":{"fifu_image_url":"https:\/\/www.challenge.ma\/wp-content\/uploads\/2021\/09\/ISTIQLAL.jpg","fifu_image_alt":"Participation au gouvernement. Le Conseil National de l\u2019Istiqlal donne son feu vert","footnotes":""},"categories":[78,54],"tags":[],"class_list":["post-127532","post","type-post","status-publish","format-standard","hentry","category-economie","category-maroc"],"_links":{"self":[{"href":"https:\/\/linitiative.ca\/International\/wp-json\/wp\/v2\/posts\/127532","targetHints":{"allow":["GET"]}}],"collection":[{"href":"https:\/\/linitiative.ca\/International\/wp-json\/wp\/v2\/posts"}],"about":[{"href":"https:\/\/linitiative.ca\/International\/wp-json\/wp\/v2\/types\/post"}],"author":[{"embeddable":true,"href":"https:\/\/linitiative.ca\/International\/wp-json\/wp\/v2\/users\/1787"}],"replies":[{"embeddable":true,"href":"https:\/\/linitiative.ca\/International\/wp-json\/wp\/v2\/comments?post=127532"}],"version-history":[{"count":0,"href":"https:\/\/linitiative.ca\/International\/wp-json\/wp\/v2\/posts\/127532\/revisions"}],"wp:attachment":[{"href":"https:\/\/linitiative.ca\/International\/wp-json\/wp\/v2\/media?parent=127532"}],"wp:term":[{"taxonomy":"category","embeddable":true,"href":"https:\/\/linitiative.ca\/International\/wp-json\/wp\/v2\/categories?post=127532"},{"taxonomy":"post_tag","embeddable":true,"href":"https:\/\/linitiative.ca\/International\/wp-json\/wp\/v2\/tags?post=127532"}],"curies":[{"name":"wp","href":"https:\/\/api.w.org\/{rel}","templated":true}]}}