{"id":127538,"date":"2021-09-19T15:09:10","date_gmt":"2021-09-19T19:09:10","guid":{"rendered":"https:\/\/linitiative.ca\/International\/tunisie-choix-du-chef-du-gouvernement-le-coeur-de-saied-balance-entre-la-confiance-et-la-competence\/"},"modified":"2021-09-19T15:09:10","modified_gmt":"2021-09-19T19:09:10","slug":"tunisie-choix-du-chef-du-gouvernement-le-coeur-de-saied-balance-entre-la-confiance-et-la-competence","status":"publish","type":"post","link":"https:\/\/linitiative.ca\/International\/tunisie-choix-du-chef-du-gouvernement-le-coeur-de-saied-balance-entre-la-confiance-et-la-competence\/","title":{"rendered":"Tunisie \u2013 Choix du chef du gouvernement\u00a0: Le c\u0153ur de Sa\u00efed balance entre la confiance et la comp\u00e9tence"},"content":{"rendered":"<div>\n<p>De sources proches du palais de Carthage, le pr\u00e9sident de la R\u00e9publique serait sur le point d\u2019annoncer le nom du prochain chef du gouvernement. Cette annonce serait pr\u00e9vue pour le courant de la semaine prochaine. Mais les m\u00eames sources ont assur\u00e9 \u00e0 TunisieNumerique, que le pr\u00e9sident de la R\u00e9publique h\u00e9site, toujours, pour son choix, entre [\u2026]<\/p>\n<p>L\u2019article <a href=\"https:\/\/www.tunisienumerique.com\/tunisie-choix-du-chef-du-gouvernement-le-coeur-de-saied-balance-entre-la-confiance-et-la-competence\/\">Tunisie \u2013 Choix du chef du gouvernement\u00a0: Le c\u0153ur de Sa\u00efed balance entre la confiance et la comp\u00e9tence<\/a> est apparu en premier sur <a href=\"http:\/\/www.tunisienumerique.com\/\">Tunisie<\/a>.<\/p>\n<\/div>\n<p>Auteur: Ramsis<br \/>\n<a href=\"https:\/\/www.tunisienumerique.com\/tunisie-choix-du-chef-du-gouvernement-le-coeur-de-saied-balance-entre-la-confiance-et-la-competence\/\">Cliquez ici pour lire l&rsquo;article depuis sa source.<\/a><\/p>\n","protected":false},"excerpt":{"rendered":"<p>De sources proches du palais de Carthage, le pr\u00e9sident de la R\u00e9publique serait sur le point d\u2019annoncer le nom du prochain chef du gouvernement. Cette annonce serait pr\u00e9vue pour le courant de la semaine prochaine. Mais les m\u00eames sources ont assur\u00e9 \u00e0 TunisieNumerique, que le pr\u00e9sident de la R\u00e9publique h\u00e9site, toujours, pour son choix, entre [&hellip;]<\/p>\n","protected":false},"author":1789,"featured_media":0,"comment_status":"closed","ping_status":"closed","sticky":false,"template":"","format":"standard","meta":{"fifu_image_url":"","fifu_image_alt":"","footnotes":""},"categories":[73,55],"tags":[],"class_list":["post-127538","post","type-post","status-publish","format-standard","hentry","category-actualite","category-tunisie"],"_links":{"self":[{"href":"https:\/\/linitiative.ca\/International\/wp-json\/wp\/v2\/posts\/127538","targetHints":{"allow":["GET"]}}],"collection":[{"href":"https:\/\/linitiative.ca\/International\/wp-json\/wp\/v2\/posts"}],"about":[{"href":"https:\/\/linitiative.ca\/International\/wp-json\/wp\/v2\/types\/post"}],"author":[{"embeddable":true,"href":"https:\/\/linitiative.ca\/International\/wp-json\/wp\/v2\/users\/1789"}],"replies":[{"embeddable":true,"href":"https:\/\/linitiative.ca\/International\/wp-json\/wp\/v2\/comments?post=127538"}],"version-history":[{"count":0,"href":"https:\/\/linitiative.ca\/International\/wp-json\/wp\/v2\/posts\/127538\/revisions"}],"wp:attachment":[{"href":"https:\/\/linitiative.ca\/International\/wp-json\/wp\/v2\/media?parent=127538"}],"wp:term":[{"taxonomy":"category","embeddable":true,"href":"https:\/\/linitiative.ca\/International\/wp-json\/wp\/v2\/categories?post=127538"},{"taxonomy":"post_tag","embeddable":true,"href":"https:\/\/linitiative.ca\/International\/wp-json\/wp\/v2\/tags?post=127538"}],"curies":[{"name":"wp","href":"https:\/\/api.w.org\/{rel}","templated":true}]}}