{"id":127539,"date":"2021-09-19T15:20:18","date_gmt":"2021-09-19T19:20:18","guid":{"rendered":"https:\/\/linitiative.ca\/International\/tataouine-priere-de-la-pluie-dans-toutes-les-delegations\/"},"modified":"2021-09-19T15:20:18","modified_gmt":"2021-09-19T19:20:18","slug":"tataouine-priere-de-la-pluie-dans-toutes-les-delegations","status":"publish","type":"post","link":"https:\/\/linitiative.ca\/International\/tataouine-priere-de-la-pluie-dans-toutes-les-delegations\/","title":{"rendered":"Tataouine : Pri\u00e8re de la pluie dans toutes les d\u00e9l\u00e9gations"},"content":{"rendered":"<div>\n<p>Suite \u00e0 l\u2019appel de la Direction R\u00e9gionale des Affaires Religieuses vers 8H00, les habitants des diff\u00e9rentes d\u00e9l\u00e9gations du gouvernorat de Tataouine ont effectu\u00e9 la pri\u00e8re de la pluie, sachant que l\u2019autorit\u00e9 n\u2019avait pas enregistr\u00e9 de pr\u00e9cipitations pendant environ 3 ans, ce qui a affect\u00e9 le mode de vie des humains, des plantes et des animaux. [\u2026]<\/p>\n<p>L\u2019article <a href=\"https:\/\/www.tunisienumerique.com\/tataouine-priere-de-la-pluie-dans-toutes-les-delegations\/\">Tataouine : Pri\u00e8re de la pluie dans toutes les d\u00e9l\u00e9gations<\/a> est apparu en premier sur <a href=\"http:\/\/www.tunisienumerique.com\/\">Tunisie<\/a>.<\/p>\n<\/div>\n<p>Auteur: rania ben slimane<br \/>\n<a href=\"https:\/\/www.tunisienumerique.com\/tataouine-priere-de-la-pluie-dans-toutes-les-delegations\/\">Cliquez ici pour lire l&rsquo;article depuis sa source.<\/a><\/p>\n","protected":false},"excerpt":{"rendered":"<p>Suite \u00e0 l\u2019appel de la Direction R\u00e9gionale des Affaires Religieuses vers 8H00, les habitants des diff\u00e9rentes d\u00e9l\u00e9gations du gouvernorat de Tataouine ont effectu\u00e9 la pri\u00e8re de la pluie, sachant que l\u2019autorit\u00e9 n\u2019avait pas enregistr\u00e9 de pr\u00e9cipitations pendant environ 3 ans, ce qui a affect\u00e9 le mode de vie des humains, des plantes et des animaux. [&hellip;]<\/p>\n","protected":false},"author":1789,"featured_media":0,"comment_status":"closed","ping_status":"closed","sticky":false,"template":"","format":"standard","meta":{"fifu_image_url":"","fifu_image_alt":"","footnotes":""},"categories":[73,55],"tags":[],"class_list":["post-127539","post","type-post","status-publish","format-standard","hentry","category-actualite","category-tunisie"],"_links":{"self":[{"href":"https:\/\/linitiative.ca\/International\/wp-json\/wp\/v2\/posts\/127539","targetHints":{"allow":["GET"]}}],"collection":[{"href":"https:\/\/linitiative.ca\/International\/wp-json\/wp\/v2\/posts"}],"about":[{"href":"https:\/\/linitiative.ca\/International\/wp-json\/wp\/v2\/types\/post"}],"author":[{"embeddable":true,"href":"https:\/\/linitiative.ca\/International\/wp-json\/wp\/v2\/users\/1789"}],"replies":[{"embeddable":true,"href":"https:\/\/linitiative.ca\/International\/wp-json\/wp\/v2\/comments?post=127539"}],"version-history":[{"count":0,"href":"https:\/\/linitiative.ca\/International\/wp-json\/wp\/v2\/posts\/127539\/revisions"}],"wp:attachment":[{"href":"https:\/\/linitiative.ca\/International\/wp-json\/wp\/v2\/media?parent=127539"}],"wp:term":[{"taxonomy":"category","embeddable":true,"href":"https:\/\/linitiative.ca\/International\/wp-json\/wp\/v2\/categories?post=127539"},{"taxonomy":"post_tag","embeddable":true,"href":"https:\/\/linitiative.ca\/International\/wp-json\/wp\/v2\/tags?post=127539"}],"curies":[{"name":"wp","href":"https:\/\/api.w.org\/{rel}","templated":true}]}}