{"id":127540,"date":"2021-09-19T15:30:50","date_gmt":"2021-09-19T19:30:50","guid":{"rendered":"https:\/\/linitiative.ca\/International\/tunisie-enseignement-tous-les-postes-vacants-ont-ete-pourvus-aux-ecoles-primaires-de-ce-gouvernorat\/"},"modified":"2021-09-19T15:30:50","modified_gmt":"2021-09-19T19:30:50","slug":"tunisie-enseignement-tous-les-postes-vacants-ont-ete-pourvus-aux-ecoles-primaires-de-ce-gouvernorat","status":"publish","type":"post","link":"https:\/\/linitiative.ca\/International\/tunisie-enseignement-tous-les-postes-vacants-ont-ete-pourvus-aux-ecoles-primaires-de-ce-gouvernorat\/","title":{"rendered":"Tunisie-Enseignement : Tous les postes vacants ont \u00e9t\u00e9 pourvus aux \u00e9coles primaires de ce gouvernorat"},"content":{"rendered":"<div>\n<p>Le Commissaire R\u00e9gional de l\u2019Education de Tataouine, Ali Messaadi a confirm\u00e9 \u00e0 une radio priv\u00e9e que les postes vacants ont \u00e9t\u00e9 pourvus dans l\u2019ensemble des 51 \u00e9coles primaires et ce en adoptant la base de donn\u00e9es des suppl\u00e9ants \u00e0 Tataouine, indiquant que le transfert des \u00e9l\u00e8ves des \u00e9coles primaires a \u00e9t\u00e9 r\u00e9alis\u00e9. M. Messaadi a [\u2026]<\/p>\n<p>L\u2019article <a href=\"https:\/\/www.tunisienumerique.com\/tunisie-enseignement-tous-les-postes-vacants-ont-ete-pourvus-aux-ecoles-primaires-de-ce-gouvernorat\/\">Tunisie-Enseignement : Tous les postes vacants ont \u00e9t\u00e9 pourvus aux \u00e9coles primaires de ce gouvernorat<\/a> est apparu en premier sur <a href=\"http:\/\/www.tunisienumerique.com\/\">Tunisie<\/a>.<\/p>\n<\/div>\n<p>Auteur: rania ben slimane<br \/>\n<a href=\"https:\/\/www.tunisienumerique.com\/tunisie-enseignement-tous-les-postes-vacants-ont-ete-pourvus-aux-ecoles-primaires-de-ce-gouvernorat\/\">Cliquez ici pour lire l&rsquo;article depuis sa source.<\/a><\/p>\n","protected":false},"excerpt":{"rendered":"<p>Le Commissaire R\u00e9gional de l\u2019Education de Tataouine, Ali Messaadi a confirm\u00e9 \u00e0 une radio priv\u00e9e que les postes vacants ont \u00e9t\u00e9 pourvus dans l\u2019ensemble des 51 \u00e9coles primaires et ce en adoptant la base de donn\u00e9es des suppl\u00e9ants \u00e0 Tataouine, indiquant que le transfert des \u00e9l\u00e8ves des \u00e9coles primaires a \u00e9t\u00e9 r\u00e9alis\u00e9. M. Messaadi a [&hellip;]<\/p>\n","protected":false},"author":1789,"featured_media":0,"comment_status":"closed","ping_status":"closed","sticky":false,"template":"","format":"standard","meta":{"fifu_image_url":"","fifu_image_alt":"","footnotes":""},"categories":[73,55],"tags":[],"class_list":["post-127540","post","type-post","status-publish","format-standard","hentry","category-actualite","category-tunisie"],"_links":{"self":[{"href":"https:\/\/linitiative.ca\/International\/wp-json\/wp\/v2\/posts\/127540","targetHints":{"allow":["GET"]}}],"collection":[{"href":"https:\/\/linitiative.ca\/International\/wp-json\/wp\/v2\/posts"}],"about":[{"href":"https:\/\/linitiative.ca\/International\/wp-json\/wp\/v2\/types\/post"}],"author":[{"embeddable":true,"href":"https:\/\/linitiative.ca\/International\/wp-json\/wp\/v2\/users\/1789"}],"replies":[{"embeddable":true,"href":"https:\/\/linitiative.ca\/International\/wp-json\/wp\/v2\/comments?post=127540"}],"version-history":[{"count":0,"href":"https:\/\/linitiative.ca\/International\/wp-json\/wp\/v2\/posts\/127540\/revisions"}],"wp:attachment":[{"href":"https:\/\/linitiative.ca\/International\/wp-json\/wp\/v2\/media?parent=127540"}],"wp:term":[{"taxonomy":"category","embeddable":true,"href":"https:\/\/linitiative.ca\/International\/wp-json\/wp\/v2\/categories?post=127540"},{"taxonomy":"post_tag","embeddable":true,"href":"https:\/\/linitiative.ca\/International\/wp-json\/wp\/v2\/tags?post=127540"}],"curies":[{"name":"wp","href":"https:\/\/api.w.org\/{rel}","templated":true}]}}