{"id":127541,"date":"2021-09-19T16:22:21","date_gmt":"2021-09-19T20:22:21","guid":{"rendered":"https:\/\/linitiative.ca\/International\/tunisie-les-pays-du-sud-de-lue-appellent-a-preserver-la-democratie-et-a-accelerer-la-mise-en-place-dun-gouvernement-competent\/"},"modified":"2021-09-19T16:22:21","modified_gmt":"2021-09-19T20:22:21","slug":"tunisie-les-pays-du-sud-de-lue-appellent-a-preserver-la-democratie-et-a-accelerer-la-mise-en-place-dun-gouvernement-competent","status":"publish","type":"post","link":"https:\/\/linitiative.ca\/International\/tunisie-les-pays-du-sud-de-lue-appellent-a-preserver-la-democratie-et-a-accelerer-la-mise-en-place-dun-gouvernement-competent\/","title":{"rendered":"Tunisie \u2013 Les pays du sud de l\u2019UE appellent \u00e0 pr\u00e9server la d\u00e9mocratie et \u00e0 acc\u00e9l\u00e9rer la mise en place d\u2019un gouvernement comp\u00e9tent"},"content":{"rendered":"<div>\n<p>Les chefs des \u00e9tats et des gouvernements du sud de l\u2019Union Europ\u00e9enne, \u00e0 savoir, Chypre, la Croatie, l\u2019Espagne, la France, la Gr\u00e8ce, l\u2019Italie, Malte, le Portugal et la Slov\u00e9nie, ont fait une d\u00e9claration \u00e0 l\u2019issue de leur dernier sommet, en ce qui concerne la situation en Tunisie. Ces pays ont r\u00e9it\u00e9r\u00e9 leurs appels \u00e0 pr\u00e9server [\u2026]<\/p>\n<p>L\u2019article <a href=\"https:\/\/www.tunisienumerique.com\/tunisie-les-pays-du-sud-de-lue-appellent-a-preserver-la-democratie-et-a-accelerer-la-mise-en-place-dun-gouvernement-competent\/\">Tunisie \u2013 Les pays du sud de l\u2019UE appellent \u00e0 pr\u00e9server la d\u00e9mocratie et \u00e0 acc\u00e9l\u00e9rer la mise en place d\u2019un gouvernement comp\u00e9tent<\/a> est apparu en premier sur <a href=\"http:\/\/www.tunisienumerique.com\/\">Tunisie<\/a>.<\/p>\n<\/div>\n<p>Auteur: LM<br \/>\n<a href=\"https:\/\/www.tunisienumerique.com\/tunisie-les-pays-du-sud-de-lue-appellent-a-preserver-la-democratie-et-a-accelerer-la-mise-en-place-dun-gouvernement-competent\/\">Cliquez ici pour lire l&rsquo;article depuis sa source.<\/a><\/p>\n","protected":false},"excerpt":{"rendered":"<p>Les chefs des \u00e9tats et des gouvernements du sud de l\u2019Union Europ\u00e9enne, \u00e0 savoir, Chypre, la Croatie, l\u2019Espagne, la France, la Gr\u00e8ce, l\u2019Italie, Malte, le Portugal et la Slov\u00e9nie, ont fait une d\u00e9claration \u00e0 l\u2019issue de leur dernier sommet, en ce qui concerne la situation en Tunisie. Ces pays ont r\u00e9it\u00e9r\u00e9 leurs appels \u00e0 pr\u00e9server [&hellip;]<\/p>\n","protected":false},"author":1789,"featured_media":0,"comment_status":"closed","ping_status":"closed","sticky":false,"template":"","format":"standard","meta":{"fifu_image_url":"","fifu_image_alt":"","footnotes":""},"categories":[73,55],"tags":[],"class_list":["post-127541","post","type-post","status-publish","format-standard","hentry","category-actualite","category-tunisie"],"_links":{"self":[{"href":"https:\/\/linitiative.ca\/International\/wp-json\/wp\/v2\/posts\/127541","targetHints":{"allow":["GET"]}}],"collection":[{"href":"https:\/\/linitiative.ca\/International\/wp-json\/wp\/v2\/posts"}],"about":[{"href":"https:\/\/linitiative.ca\/International\/wp-json\/wp\/v2\/types\/post"}],"author":[{"embeddable":true,"href":"https:\/\/linitiative.ca\/International\/wp-json\/wp\/v2\/users\/1789"}],"replies":[{"embeddable":true,"href":"https:\/\/linitiative.ca\/International\/wp-json\/wp\/v2\/comments?post=127541"}],"version-history":[{"count":0,"href":"https:\/\/linitiative.ca\/International\/wp-json\/wp\/v2\/posts\/127541\/revisions"}],"wp:attachment":[{"href":"https:\/\/linitiative.ca\/International\/wp-json\/wp\/v2\/media?parent=127541"}],"wp:term":[{"taxonomy":"category","embeddable":true,"href":"https:\/\/linitiative.ca\/International\/wp-json\/wp\/v2\/categories?post=127541"},{"taxonomy":"post_tag","embeddable":true,"href":"https:\/\/linitiative.ca\/International\/wp-json\/wp\/v2\/tags?post=127541"}],"curies":[{"name":"wp","href":"https:\/\/api.w.org\/{rel}","templated":true}]}}