{"id":127542,"date":"2021-09-19T16:32:33","date_gmt":"2021-09-19T20:32:33","guid":{"rendered":"https:\/\/linitiative.ca\/International\/tunisie-la-grande-lessive-continue-au-ministere-de-linterieur\/"},"modified":"2021-09-19T16:32:33","modified_gmt":"2021-09-19T20:32:33","slug":"tunisie-la-grande-lessive-continue-au-ministere-de-linterieur","status":"publish","type":"post","link":"https:\/\/linitiative.ca\/International\/tunisie-la-grande-lessive-continue-au-ministere-de-linterieur\/","title":{"rendered":"Tunisie \u2013 La grande lessive continue au minist\u00e8re de l\u2019int\u00e9rieur"},"content":{"rendered":"<div>\n<p>Les derniers mouvements d\u00e9cid\u00e9s par le pr\u00e9sident Ka\u00efs Sa\u00efed, au niveau des directeurs et hauts cadres du minist\u00e8re de l\u2019int\u00e9rieur, et, notamment, celui d\u2019aujourd\u2019hui, qui a int\u00e9ress\u00e9 les chefs de district de la s\u00fbret\u00e9, s\u2019inscrivent, selon des sources proches du palais de Carthage et du minist\u00e8re de l\u2019int\u00e9rieur, dans le cadre de la purge engag\u00e9e [\u2026]<\/p>\n<p>L\u2019article <a href=\"https:\/\/www.tunisienumerique.com\/tunisie-la-grande-lessive-continue-au-ministere-de-linterieur\/\">Tunisie \u2013 La grande lessive continue au minist\u00e8re de l\u2019int\u00e9rieur<\/a> est apparu en premier sur <a href=\"http:\/\/www.tunisienumerique.com\/\">Tunisie<\/a>.<\/p>\n<\/div>\n<p>Auteur: LM<br \/>\n<a href=\"https:\/\/www.tunisienumerique.com\/tunisie-la-grande-lessive-continue-au-ministere-de-linterieur\/\">Cliquez ici pour lire l&rsquo;article depuis sa source.<\/a><\/p>\n","protected":false},"excerpt":{"rendered":"<p>Les derniers mouvements d\u00e9cid\u00e9s par le pr\u00e9sident Ka\u00efs Sa\u00efed, au niveau des directeurs et hauts cadres du minist\u00e8re de l\u2019int\u00e9rieur, et, notamment, celui d\u2019aujourd\u2019hui, qui a int\u00e9ress\u00e9 les chefs de district de la s\u00fbret\u00e9, s\u2019inscrivent, selon des sources proches du palais de Carthage et du minist\u00e8re de l\u2019int\u00e9rieur, dans le cadre de la purge engag\u00e9e [&hellip;]<\/p>\n","protected":false},"author":1789,"featured_media":0,"comment_status":"closed","ping_status":"closed","sticky":false,"template":"","format":"standard","meta":{"fifu_image_url":"","fifu_image_alt":"","footnotes":""},"categories":[73,55],"tags":[],"class_list":["post-127542","post","type-post","status-publish","format-standard","hentry","category-actualite","category-tunisie"],"_links":{"self":[{"href":"https:\/\/linitiative.ca\/International\/wp-json\/wp\/v2\/posts\/127542","targetHints":{"allow":["GET"]}}],"collection":[{"href":"https:\/\/linitiative.ca\/International\/wp-json\/wp\/v2\/posts"}],"about":[{"href":"https:\/\/linitiative.ca\/International\/wp-json\/wp\/v2\/types\/post"}],"author":[{"embeddable":true,"href":"https:\/\/linitiative.ca\/International\/wp-json\/wp\/v2\/users\/1789"}],"replies":[{"embeddable":true,"href":"https:\/\/linitiative.ca\/International\/wp-json\/wp\/v2\/comments?post=127542"}],"version-history":[{"count":0,"href":"https:\/\/linitiative.ca\/International\/wp-json\/wp\/v2\/posts\/127542\/revisions"}],"wp:attachment":[{"href":"https:\/\/linitiative.ca\/International\/wp-json\/wp\/v2\/media?parent=127542"}],"wp:term":[{"taxonomy":"category","embeddable":true,"href":"https:\/\/linitiative.ca\/International\/wp-json\/wp\/v2\/categories?post=127542"},{"taxonomy":"post_tag","embeddable":true,"href":"https:\/\/linitiative.ca\/International\/wp-json\/wp\/v2\/tags?post=127542"}],"curies":[{"name":"wp","href":"https:\/\/api.w.org\/{rel}","templated":true}]}}