{"id":127543,"date":"2021-09-19T15:46:44","date_gmt":"2021-09-19T19:46:44","guid":{"rendered":"https:\/\/linitiative.ca\/International\/defiance-de-lorganisation-ouest-africaine-par-les-putschistes-guineens-et-maliens\/"},"modified":"2021-09-19T15:46:44","modified_gmt":"2021-09-19T19:46:44","slug":"defiance-de-lorganisation-ouest-africaine-par-les-putschistes-guineens-et-maliens","status":"publish","type":"post","link":"https:\/\/linitiative.ca\/International\/defiance-de-lorganisation-ouest-africaine-par-les-putschistes-guineens-et-maliens\/","title":{"rendered":"DEFIANCE DE L\u2019ORGANISATION OUEST-AFRICAINE PAR LES PUTSCHISTES GUINEENS ET MALIENS"},"content":{"rendered":"<div>\n<p><img decoding=\"async\" width=\"593\" height=\"395\" src=\"https:\/\/linitiative.ca\/International\/wp-content\/uploads\/sites\/23\/2021\/09\/Salon_CEDEAO.jpeg\" class=\"attachment- size- wp-post-image\" alt=\"\" loading=\"lazy\" style=\"float:left; margin:0 15px 15px 0;\" srcset=\"https:\/\/linitiative.ca\/International\/wp-content\/uploads\/sites\/23\/2021\/09\/Salon_CEDEAO.jpeg 593w, https:\/\/lepays.bf\/wp-content\/uploads\/2021\/09\/Salon_CEDEAO-300x200.jpeg 300w\" sizes=\"auto, (max-width: 593px) 100vw, 593px\">Le 16 septembre dernier, la CEDEAO (Communaut\u00e9 \u00e9conomique des Etats de l\u2019Afrique de l\u2019Ouest) \u00e9tait en conclave \u00e0 Accra, \u00e0 l\u2019effet de statuer sur le cas des putschistes de Conakry. De cette rencontre sont sorties des mesures, on ne peut plus draconiennes, \u00e0 l\u2019endroit de Mamady Doumbouya et de ses acolytes. Ainsi, les putschistes ont \u2026<\/p>\n<p>L\u2019article <a rel=\"nofollow\" href=\"https:\/\/lepays.bf\/defiance-de-lorganisation-ouest-africaine-par-les-putschistes-guineens-et-maliens\/\">DEFIANCE DE L\u2019ORGANISATION OUEST-AFRICAINE PAR LES PUTSCHISTES GUINEENS ET MALIENS<\/a> est apparu en premier sur <a rel=\"nofollow\" href=\"https:\/\/lepays.bf\/\">Editions Le Pays<\/a>.<\/p>\n<\/div>\n<p>Auteur: Editions LEPAYS<br \/>\n<a href=\"https:\/\/lepays.bf\/defiance-de-lorganisation-ouest-africaine-par-les-putschistes-guineens-et-maliens\/\">Cliquez ici pour lire l&rsquo;article depuis sa source.<\/a><\/p>\n","protected":false},"excerpt":{"rendered":"<p>Le 16 septembre dernier, la CEDEAO (Communaut\u00e9 \u00e9conomique des Etats de l\u2019Afrique de l\u2019Ouest) \u00e9tait en conclave \u00e0 Accra, \u00e0 l\u2019effet de statuer sur le cas des putschistes de Conakry. De cette rencontre sont sorties des mesures, on ne peut plus draconiennes, \u00e0 l\u2019endroit de Mamady Doumbouya et de ses acolytes. Ainsi, les putschistes ont [&hellip;]<\/p>\n","protected":false},"author":1813,"featured_media":0,"comment_status":"closed","ping_status":"closed","sticky":false,"template":"","format":"standard","meta":{"fifu_image_url":"https:\/\/lepays.bf\/wp-content\/uploads\/2021\/09\/Salon_CEDEAO.jpeg","fifu_image_alt":"DEFIANCE DE L\u2019ORGANISATION OUEST-AFRICAINE PAR LES PUTSCHISTES GUINEENS ET MALIENS","footnotes":""},"categories":[73,81],"tags":[],"class_list":["post-127543","post","type-post","status-publish","format-standard","hentry","category-actualite","category-burkina-faso"],"_links":{"self":[{"href":"https:\/\/linitiative.ca\/International\/wp-json\/wp\/v2\/posts\/127543","targetHints":{"allow":["GET"]}}],"collection":[{"href":"https:\/\/linitiative.ca\/International\/wp-json\/wp\/v2\/posts"}],"about":[{"href":"https:\/\/linitiative.ca\/International\/wp-json\/wp\/v2\/types\/post"}],"author":[{"embeddable":true,"href":"https:\/\/linitiative.ca\/International\/wp-json\/wp\/v2\/users\/1813"}],"replies":[{"embeddable":true,"href":"https:\/\/linitiative.ca\/International\/wp-json\/wp\/v2\/comments?post=127543"}],"version-history":[{"count":0,"href":"https:\/\/linitiative.ca\/International\/wp-json\/wp\/v2\/posts\/127543\/revisions"}],"wp:attachment":[{"href":"https:\/\/linitiative.ca\/International\/wp-json\/wp\/v2\/media?parent=127543"}],"wp:term":[{"taxonomy":"category","embeddable":true,"href":"https:\/\/linitiative.ca\/International\/wp-json\/wp\/v2\/categories?post=127543"},{"taxonomy":"post_tag","embeddable":true,"href":"https:\/\/linitiative.ca\/International\/wp-json\/wp\/v2\/tags?post=127543"}],"curies":[{"name":"wp","href":"https:\/\/api.w.org\/{rel}","templated":true}]}}