{"id":127545,"date":"2021-09-19T15:49:35","date_gmt":"2021-09-19T19:49:35","guid":{"rendered":"https:\/\/linitiative.ca\/International\/hommages-a-minima-a-boutef\/"},"modified":"2021-09-19T15:49:35","modified_gmt":"2021-09-19T19:49:35","slug":"hommages-a-minima-a-boutef","status":"publish","type":"post","link":"https:\/\/linitiative.ca\/International\/hommages-a-minima-a-boutef\/","title":{"rendered":"HOMMAGES A MINIMA A BOUTEF  \u00a0"},"content":{"rendered":"<div>\n<p><img decoding=\"async\" width=\"592\" height=\"296\" src=\"https:\/\/linitiative.ca\/International\/wp-content\/uploads\/sites\/23\/2021\/09\/BOUTEF.jpg\" class=\"attachment- size- wp-post-image\" alt=\"\" loading=\"lazy\" style=\"float:left; margin:0 15px 15px 0;\" srcset=\"https:\/\/linitiative.ca\/International\/wp-content\/uploads\/sites\/23\/2021\/09\/BOUTEF.jpg 592w, https:\/\/lepays.bf\/wp-content\/uploads\/2021\/09\/BOUTEF-300x150.jpg 300w\" sizes=\"auto, (max-width: 592px) 100vw, 592px\">Abdelaziz Bouteflika repose depuis le 19 septembre dernier et pour l\u2019\u00e9ternit\u00e9, au carr\u00e9 des martyrs du cimeti\u00e8re d\u2019El-Alia non loin de sa r\u00e9sidence de Zeralda, apr\u00e8s avoir tir\u00e9 sa r\u00e9v\u00e9rence \u00e0 84 ans, le 17 septembre dernier. Point final donc \u00e0 la carri\u00e8re politique et \u00e0 la vie de ce flamboyant diplomate des ann\u00e9es 70 \u2026<\/p>\n<p>L\u2019article <a rel=\"nofollow\" href=\"https:\/\/lepays.bf\/hommages-a-minima-a-boutef\/\">HOMMAGES A MINIMA A BOUTEF  \u00a0<\/a> est apparu en premier sur <a rel=\"nofollow\" href=\"https:\/\/lepays.bf\/\">Editions Le Pays<\/a>.<\/p>\n<\/div>\n<p>Auteur: Editions LEPAYS<br \/>\n<a href=\"https:\/\/lepays.bf\/hommages-a-minima-a-boutef\/\">Cliquez ici pour lire l&rsquo;article depuis sa source.<\/a><\/p>\n","protected":false},"excerpt":{"rendered":"<p>Abdelaziz Bouteflika repose depuis le 19 septembre dernier et pour l\u2019\u00e9ternit\u00e9, au carr\u00e9 des martyrs du cimeti\u00e8re d\u2019El-Alia non loin de sa r\u00e9sidence de Zeralda, apr\u00e8s avoir tir\u00e9 sa r\u00e9v\u00e9rence \u00e0 84 ans, le 17 septembre dernier. Point final donc \u00e0 la carri\u00e8re politique et \u00e0 la vie de ce flamboyant diplomate des ann\u00e9es 70 [&hellip;]<\/p>\n","protected":false},"author":1813,"featured_media":0,"comment_status":"closed","ping_status":"closed","sticky":false,"template":"","format":"standard","meta":{"fifu_image_url":"https:\/\/lepays.bf\/wp-content\/uploads\/2021\/09\/BOUTEF.jpg","fifu_image_alt":"HOMMAGES A MINIMA A BOUTEF  \u00a0","footnotes":""},"categories":[73,81],"tags":[],"class_list":["post-127545","post","type-post","status-publish","format-standard","hentry","category-actualite","category-burkina-faso"],"_links":{"self":[{"href":"https:\/\/linitiative.ca\/International\/wp-json\/wp\/v2\/posts\/127545","targetHints":{"allow":["GET"]}}],"collection":[{"href":"https:\/\/linitiative.ca\/International\/wp-json\/wp\/v2\/posts"}],"about":[{"href":"https:\/\/linitiative.ca\/International\/wp-json\/wp\/v2\/types\/post"}],"author":[{"embeddable":true,"href":"https:\/\/linitiative.ca\/International\/wp-json\/wp\/v2\/users\/1813"}],"replies":[{"embeddable":true,"href":"https:\/\/linitiative.ca\/International\/wp-json\/wp\/v2\/comments?post=127545"}],"version-history":[{"count":0,"href":"https:\/\/linitiative.ca\/International\/wp-json\/wp\/v2\/posts\/127545\/revisions"}],"wp:attachment":[{"href":"https:\/\/linitiative.ca\/International\/wp-json\/wp\/v2\/media?parent=127545"}],"wp:term":[{"taxonomy":"category","embeddable":true,"href":"https:\/\/linitiative.ca\/International\/wp-json\/wp\/v2\/categories?post=127545"},{"taxonomy":"post_tag","embeddable":true,"href":"https:\/\/linitiative.ca\/International\/wp-json\/wp\/v2\/tags?post=127545"}],"curies":[{"name":"wp","href":"https:\/\/api.w.org\/{rel}","templated":true}]}}