{"id":127549,"date":"2021-09-18T20:18:02","date_gmt":"2021-09-19T00:18:02","guid":{"rendered":"https:\/\/linitiative.ca\/International\/football-ivoirien-election-du-president-de-la-fif-au-plus-tard-le-20-decembre\/"},"modified":"2021-09-18T20:18:02","modified_gmt":"2021-09-19T00:18:02","slug":"football-ivoirien-election-du-president-de-la-fif-au-plus-tard-le-20-decembre","status":"publish","type":"post","link":"https:\/\/linitiative.ca\/International\/football-ivoirien-election-du-president-de-la-fif-au-plus-tard-le-20-decembre\/","title":{"rendered":"Football ivoirien: \u00e9lection du pr\u00e9sident de la FIF \u00ab\u00a0au plus tard le 20 d\u00e9cembre\u00a0\u00bb"},"content":{"rendered":"<div>\n<p><img loading=\"lazy\" decoding=\"async\" width=\"768\" height=\"512\" src=\"https:\/\/linitiative.ca\/International\/wp-content\/uploads\/sites\/23\/2021\/09\/16320106829416.jpg\" class=\"attachment-post-thumbnail size-post-thumbnail wp-post-image\" alt=\"\" srcset=\"https:\/\/linitiative.ca\/International\/wp-content\/uploads\/sites\/23\/2021\/09\/16320106829416.jpg 768w, https:\/\/www.journalducameroun.com\/wp-content\/uploads\/2021\/09\/16320106829416-300x200.jpg 300w, https:\/\/www.journalducameroun.com\/wp-content\/uploads\/2021\/09\/16320106829416-660x440.jpg 660w, https:\/\/www.journalducameroun.com\/wp-content\/uploads\/2021\/09\/16320106829416-600x400.jpg 600w\" sizes=\"auto, (max-width: 768px) 100vw, 768px\"><\/p>\n<p>La pr\u00e9sidente du Comit\u00e9 de normalisation de la F\u00e9d\u00e9ration ivoirienne de football (CN-FIF), Mariam Dao Gabala, a annonc\u00e9 samedi \u00e0 Abidjan l&rsquo;\u00e9lection du pr\u00e9sident de la FIF \u00ab\u00a0au plus tard le 20 d\u00e9cembre\u00a0\u00bb 2021, \u00e0 l&rsquo;issue de la 59e Assembl\u00e9e g\u00e9n\u00e9rale ordinaire de l&rsquo;organisation.<\/p>\n<p>Mme Dao Gabala qui a conduit la 59e Assembl\u00e9e g\u00e9n\u00e9rale ordinaire de la FIF, a annonc\u00e9 \u00e0 l&rsquo;issue de 8 heures de travaux avec les d\u00e9l\u00e9gu\u00e9s des clubs, \u00ab\u00a0l&rsquo;adoption des textes (statutaires) fin octobre et l&rsquo;\u00e9lection du nouveau pr\u00e9sident au plus tard le 20 d\u00e9cembre (2021) Dieu voulant\u00a0\u00bb. \u00a0<\/p>\n<p>Au cours d&rsquo;un point de presse, Mme Dao Gabala a d\u00e9clar\u00e9 \u00e0 propos du respect du chronogramme en vue de l&rsquo;\u00e9lection d\u00e9clar\u00e9 \u00ab\u00a0oui, c&rsquo;est tenable (car) le Code \u00e9lectoral est pr\u00eat\u00a0\u00bb et le Comit\u00e9 de normalisation est en train de travailler sur les statuts.\u00a0<\/p>\n<p>L&rsquo;Assembl\u00e9e, \u00ab\u00a0n&rsquo;ayant pas pu approuver les comptes, (alors) il n&rsquo;y a pas eu de quitus\u00a0\u00bb, a-t-elle soulign\u00e9 avant d&rsquo;ajouter \u00ab\u00a0on a tout simplement report\u00e9 l&rsquo;approbation des comptes et des quitus \u00e0 la prochaine Assembl\u00e9e g\u00e9n\u00e9rale qui va se tenir dans un mois \u00e0 peu pr\u00e8s\u00a0\u00bb. \u00a0<\/p>\n<p>Sur la gestion de 2020, elle a fait observer qu'\u00a0\u00bbil y a un certain nombre de r\u00e9serves qui sont importantes et qui ont \u00e9t\u00e9 \u00e9mises par le commissaire aux comptes et qui n\u00e9cessitent des d\u00e9cisions de l&rsquo;Assembl\u00e9e g\u00e9n\u00e9rale pour qu&rsquo;\u00e0 la faveur de la normalisation on ait une situation claire\u00a0\u00bb.\u00a0<\/p>\n<p>\u00ab\u00a0Les retraitements que propose le commissaire aux comptes ne sont pas uniquement li\u00e9s \u00e0 la gestion pr\u00e9c\u00e9dente, c&rsquo;est (\u00e9galement) li\u00e9 \u00e0 un certain nombre de choses qui datent parfois depuis 15 ans et qui tra\u00eenent encore dans les comptes\u00a0\u00bb, a-t-elle relev\u00e9.\u00a0<\/p>\n<p>La pr\u00e9sidente du Comit\u00e9 de normalisation a indiqu\u00e9 que cette session \u00ab\u00a0va \u00eatre \u00e0 la fois une Assembl\u00e9e g\u00e9n\u00e9rale ordinaire et extraordinaire\u00a0\u00bb. Elle permettra, dans un premier temps, de revoir les comptes et donner les quitus ou ne pas et ensuite d&rsquo;examiner les textes.<\/p>\n<p>L&rsquo;ann\u00e9e 2020 a \u00e9t\u00e9 difficile pour le secteur en raison de la pand\u00e9mie de la Covid-19 qui a marqu\u00e9 un coup d&rsquo;arr\u00eat depuis le 8 mars \u00e0 toutes les activit\u00e9s sportives, mettant les clubs et tous les acteurs dans une situation financi\u00e8re difficile.\u00a0<\/p>\n<p>Par ailleurs, l&rsquo;Assembl\u00e9e g\u00e9n\u00e9rale de juillet 2020 de la FIF n&rsquo;avait pas pu arriver \u00e0 son terme avec l&rsquo;\u00e9lection d&rsquo;un nouveau Comit\u00e9 ex\u00e9cutif, ce qui a pr\u00e9valu \u00e0 la mise en place du Comit\u00e9 de normalisation par la FIFA.\u00a0<\/p>\n<p>Selon le Comit\u00e9 de normalisation, la session a enregistr\u00e9 14 d\u00e9l\u00e9gu\u00e9s de la ligue 1; 24 d\u00e9l\u00e9gu\u00e9s de la ligue 2; 38 d\u00e9l\u00e9gu\u00e9s de la ligue 3 et trois groupements d&rsquo;int\u00e9r\u00eat, soit un taux de participation de 97%.<\/p>\n<p>\u00a0\u00ab\u00a0On avait l&rsquo;impression d&rsquo;\u00eatre d\u00e9j\u00e0 en campagne, alors que la campagne n&rsquo;est pas encore ouverte\u00a0\u00bb, a fait remarquer Mme Dao Gabala, rapportant qu'\u00a0\u00bbil y a eu des moments de tensions, des moments d&rsquo;euphorie, mais tout est tr\u00e8s vite rentr\u00e9 dans l&rsquo;ordre\u00a0\u00bb.\u00a0<\/p>\n<p>Le championnat, dira-t-elle, qui est l&rsquo;usine du football et vital pour les clubs, va \u00ab\u00a0reprendre avant la fin de l&rsquo;ann\u00e9e, (notamment) avant le mois de d\u00e9cembre 2021, mais probablement pas au 2 octobre comme \u00e7a \u00e9t\u00e9 pr\u00e9vu. \u00a0<\/p>\n<p>Cet article <a rel=\"nofollow\" href=\"https:\/\/www.journalducameroun.com\/football-ivoirien-election-du-president-de-la-fif-au-plus-tard-le-20-decembre\/\">Football ivoirien: \u00e9lection du pr\u00e9sident de la FIF \u00ab\u00a0au plus tard le 20 d\u00e9cembre\u00a0\u00bb<\/a> est apparu en premier sur <a rel=\"nofollow\" href=\"https:\/\/www.journalducameroun.com\/\">Journal du Cameroun<\/a>.<\/p>\n<\/div>\n<p>Auteur: APA News<br \/>\n<a href=\"https:\/\/www.journalducameroun.com\/football-ivoirien-election-du-president-de-la-fif-au-plus-tard-le-20-decembre\/\">Cliquez ici pour lire l&rsquo;article depuis sa source.<\/a><\/p>\n","protected":false},"excerpt":{"rendered":"<p>La pr\u00e9sidente du Comit\u00e9 de normalisation de la F\u00e9d\u00e9ration ivoirienne de football (CN-FIF), Mariam Dao Gabala, a annonc\u00e9 samedi \u00e0 Abidjan l&rsquo;\u00e9lection du pr\u00e9sident de la FIF \u00ab\u00a0au plus tard le 20 d\u00e9cembre\u00a0\u00bb 2021, \u00e0 l&rsquo;issue de la 59e Assembl\u00e9e g\u00e9n\u00e9rale ordinaire de l&rsquo;organisation. Mme Dao Gabala qui a conduit la 59e Assembl\u00e9e g\u00e9n\u00e9rale ordinaire [&hellip;]<\/p>\n","protected":false},"author":1965,"featured_media":0,"comment_status":"closed","ping_status":"closed","sticky":false,"template":"","format":"standard","meta":{"fifu_image_url":"https:\/\/www.journalducameroun.com\/wp-content\/uploads\/2021\/09\/16320106829416.jpg","fifu_image_alt":"Football ivoirien: \u00e9lection du pr\u00e9sident de la FIF \u00ab\u00a0au plus tard le 20 d\u00e9cembre\u00a0\u00bb","footnotes":""},"categories":[73,82],"tags":[],"class_list":["post-127549","post","type-post","status-publish","format-standard","hentry","category-actualite","category-cameroun"],"_links":{"self":[{"href":"https:\/\/linitiative.ca\/International\/wp-json\/wp\/v2\/posts\/127549","targetHints":{"allow":["GET"]}}],"collection":[{"href":"https:\/\/linitiative.ca\/International\/wp-json\/wp\/v2\/posts"}],"about":[{"href":"https:\/\/linitiative.ca\/International\/wp-json\/wp\/v2\/types\/post"}],"author":[{"embeddable":true,"href":"https:\/\/linitiative.ca\/International\/wp-json\/wp\/v2\/users\/1965"}],"replies":[{"embeddable":true,"href":"https:\/\/linitiative.ca\/International\/wp-json\/wp\/v2\/comments?post=127549"}],"version-history":[{"count":0,"href":"https:\/\/linitiative.ca\/International\/wp-json\/wp\/v2\/posts\/127549\/revisions"}],"wp:attachment":[{"href":"https:\/\/linitiative.ca\/International\/wp-json\/wp\/v2\/media?parent=127549"}],"wp:term":[{"taxonomy":"category","embeddable":true,"href":"https:\/\/linitiative.ca\/International\/wp-json\/wp\/v2\/categories?post=127549"},{"taxonomy":"post_tag","embeddable":true,"href":"https:\/\/linitiative.ca\/International\/wp-json\/wp\/v2\/tags?post=127549"}],"curies":[{"name":"wp","href":"https:\/\/api.w.org\/{rel}","templated":true}]}}