{"id":127553,"date":"2021-09-19T05:37:27","date_gmt":"2021-09-19T09:37:27","guid":{"rendered":"https:\/\/linitiative.ca\/International\/le-gicam-et-le-minpmeesa-signent-un-partenariat-pour-laccompagnement-des-pme\/"},"modified":"2021-09-19T05:37:27","modified_gmt":"2021-09-19T09:37:27","slug":"le-gicam-et-le-minpmeesa-signent-un-partenariat-pour-laccompagnement-des-pme","status":"publish","type":"post","link":"https:\/\/linitiative.ca\/International\/le-gicam-et-le-minpmeesa-signent-un-partenariat-pour-laccompagnement-des-pme\/","title":{"rendered":"Le Gicam et le Minpmeesa signent un partenariat pour l\u2019accompagnement des PME"},"content":{"rendered":"<div>\n<p>L\u2019on peut dire que de beaux jours s\u2019annoncent pour la petite et moyenne entreprise (PME) au Cameroun. Et pour la cause, la nouvelle convention de partenariat qui lie d\u00e9sormais le minist\u00e8re des Petites et moyennes entreprises, de l\u2019\u00e9conomie sociale et de l\u2019artisanat (Minpmeesa) et le Groupement inter patronal du Cameroun (Gicam).<\/p>\n<p><strong>Lire aussi<\/strong> : <strong><a href=\"https:\/\/ecomatin.net\/promotion-des-pme-le-fagace-va-apporter-son-accompagnement-au-cameroun\/\">Promotion des PME : le Fagace va apporter son accompagnement au Cameroun<\/a><\/strong><\/p>\n<p>L\u2019accord a \u00e9t\u00e9 sign\u00e9 le vendredi 17 septembre 2021, lors de la deuxi\u00e8me \u00e9dition du Cdpme (Centre de d\u00e9veloppement des PME) Meet-Up by Gicam,plac\u00e9 sous le th\u00e8me\u00a0\u2018\u2018 le soutien public aux PME\/TPE et Startup\u2019\u2019. Cet accord se veut \u00eatre le lieu pour \u00ab\u00a0trouver les voies et moyens pour trouver des solutions concr\u00e8tes et p\u00e9rennes \u00e0 cette probl\u00e9matique (les probl\u00e8mes des PME ndlr). Et nous pensons que la signature de cette convention est l\u2019une des voies qui va permettre d\u2019\u00e9valuer dans les prochains mois ce partenariat entre le Gicam et le minist\u00e8re\u00a0\u00bb, confie Celestin Tawamba.<\/p>\n<p><strong>Lire aussi<\/strong> : <strong><a href=\"https:\/\/ecomatin.net\/acces-au-financement-des-pmes-le-gicam-regroupe-les-acteurs-du-secteurss\/\">Acc\u00e8s au financement des PMEs : le Gicam regroupe les acteurs du secteur<\/a><\/strong><\/p>\n<p>De fa\u00e7on pr\u00e9cise la convention sign\u00e9e \u00abporte sur l\u2019encadrement et l\u2019accompagnement des PME membres du Gicam \u00e0 travers notamment la proposition et l\u2019\u00e9laboration des outils, le mode de fonctionnement pertinent pour l\u2019accompagnement et l\u2019appui aux PME. La mise en place de d\u00e9veloppement des structures d\u2019incubation d\u2019entreprises, comptes de d\u00e9veloppement et d\u2019ex\u00e9cution des programmes de renforcement des capacit\u00e9s de promotion d\u2019entrepreneuriat, d\u2019innovation et de la num\u00e9risation des centres de d\u00e9veloppement technologique\u00a0\u00bb, a indiqu\u00e9 le Minpmeesa. Son d\u00e9veloppement se fera alors sur divers axes. Entre autres\u00a0\u00a0\u00ab\u00a0nous allons travailler sur comment est-ce qu\u2019on donne naissance au fonds des PME, tel qu\u2019il est pr\u00e9vu par la loi\u00bb, rench\u00e9rit-il<\/p>\n<p><strong>Lire aussi :<\/strong> <strong><a href=\"https:\/\/ecomatin.net\/soutien-a-lentrepreneuriat-le-gicam-inaugure-son-centre-dincubation\/\">Soutien \u00e0 l\u2019entrepreneuriat : le Gicam inaugure son centre d\u2019incubation<\/a><\/strong><\/p>\n<p>Pour rappel, les PME au Cameroun occupent 98% de l\u2019\u00e9cosyst\u00e8me entrepreneurial. Au sein du Gicam, elles repr\u00e9sentent 60% de ses membres. A l\u2019\u00e9chelle internationale, les PME fournissent 60% d\u2019emplois, contribuent \u00e0 hauteur de 30% au Produit int\u00e9rieur brut entre autres.<\/p>\n<p>L\u2019article <a rel=\"nofollow\" href=\"https:\/\/ecomatin.net\/le-gicam-et-le-minpmeesa-signent-un-partenariat-pour-laccompagnement-des-pme\/\">Le Gicam et le Minpmeesa signent un partenariat pour l\u2019accompagnement des PME<\/a> est apparu en premier sur <a rel=\"nofollow\" href=\"https:\/\/ecomatin.net\/\">EcoMatin<\/a>.<\/p>\n<\/div>\n<p>Auteur: Cindy MBALA<br \/>\n<a href=\"https:\/\/ecomatin.net\/le-gicam-et-le-minpmeesa-signent-un-partenariat-pour-laccompagnement-des-pme\/\">Cliquez ici pour lire l&rsquo;article depuis sa source.<\/a><\/p>\n","protected":false},"excerpt":{"rendered":"<p>L\u2019on peut dire que de beaux jours s\u2019annoncent pour la petite et moyenne entreprise (PME) au Cameroun. Et pour la cause, la nouvelle convention de partenariat qui lie d\u00e9sormais le minist\u00e8re des Petites et moyennes entreprises, de l\u2019\u00e9conomie sociale et de l\u2019artisanat (Minpmeesa) et le Groupement inter patronal du Cameroun (Gicam). Lire aussi : Promotion [&hellip;]<\/p>\n","protected":false},"author":1969,"featured_media":0,"comment_status":"closed","ping_status":"closed","sticky":false,"template":"","format":"standard","meta":{"fifu_image_url":"","fifu_image_alt":"","footnotes":""},"categories":[82,78],"tags":[],"class_list":["post-127553","post","type-post","status-publish","format-standard","hentry","category-cameroun","category-economie"],"_links":{"self":[{"href":"https:\/\/linitiative.ca\/International\/wp-json\/wp\/v2\/posts\/127553","targetHints":{"allow":["GET"]}}],"collection":[{"href":"https:\/\/linitiative.ca\/International\/wp-json\/wp\/v2\/posts"}],"about":[{"href":"https:\/\/linitiative.ca\/International\/wp-json\/wp\/v2\/types\/post"}],"author":[{"embeddable":true,"href":"https:\/\/linitiative.ca\/International\/wp-json\/wp\/v2\/users\/1969"}],"replies":[{"embeddable":true,"href":"https:\/\/linitiative.ca\/International\/wp-json\/wp\/v2\/comments?post=127553"}],"version-history":[{"count":0,"href":"https:\/\/linitiative.ca\/International\/wp-json\/wp\/v2\/posts\/127553\/revisions"}],"wp:attachment":[{"href":"https:\/\/linitiative.ca\/International\/wp-json\/wp\/v2\/media?parent=127553"}],"wp:term":[{"taxonomy":"category","embeddable":true,"href":"https:\/\/linitiative.ca\/International\/wp-json\/wp\/v2\/categories?post=127553"},{"taxonomy":"post_tag","embeddable":true,"href":"https:\/\/linitiative.ca\/International\/wp-json\/wp\/v2\/tags?post=127553"}],"curies":[{"name":"wp","href":"https:\/\/api.w.org\/{rel}","templated":true}]}}