{"id":127554,"date":"2021-09-19T13:30:28","date_gmt":"2021-09-19T17:30:28","guid":{"rendered":"https:\/\/linitiative.ca\/International\/snd30-le-comite-de-suivi-evaluation-adopte-la-strategie-du-secteur-rural-de-lannee-2020\/"},"modified":"2021-09-19T13:30:28","modified_gmt":"2021-09-19T17:30:28","slug":"snd30-le-comite-de-suivi-evaluation-adopte-la-strategie-du-secteur-rural-de-lannee-2020","status":"publish","type":"post","link":"https:\/\/linitiative.ca\/International\/snd30-le-comite-de-suivi-evaluation-adopte-la-strategie-du-secteur-rural-de-lannee-2020\/","title":{"rendered":"SND30 : le comit\u00e9 de suivi-\u00e9valuation adopte la strat\u00e9gie du secteur rural de l\u2019ann\u00e9e 2020"},"content":{"rendered":"<div>\n<p>Le vendredi 17 septembre, le ministre d\u00e9l\u00e9gu\u00e9 aupr\u00e8s du ministre d l\u2019Economie, de la planification et de l\u2019am\u00e9nagement du territoire (Mindel\/Minepat), Paul Tasong, a proc\u00e9d\u00e9 \u00e0 la troisi\u00e8me session de la revue conjointe du secteur rural en vue de l\u2019op\u00e9rationnalisation du Comit\u00e9 National de Suivi-Evaluation de la mise en \u0153uvre de la Strat\u00e9gie nationale de d\u00e9veloppement 2020-2030 (SND30).<\/p>\n<p><strong>Lire aussi :<a href=\"https:\/\/ecomatin.net\/snd30-le-comite-nationall-de-suivi-evaluationn-estt-effectif\/\"> <\/a><\/strong><a href=\"https:\/\/ecomatin.net\/snd30-le-comite-nationall-de-suivi-evaluationn-estt-effectif\/\"><strong>SND30 : le comit\u00e9 national de suivi-\u00e9valuation est effectif<\/strong><\/a><\/p>\n<p>Durant ces travaux, le comit\u00e9 a proc\u00e9d\u00e9 \u00e0 la validation du rapport 2020 de suivi de la mise en \u0153uvre de la strat\u00e9gie sectorielle du secteur rural, de m\u00eame que le rapport de suivi de la mise en \u0153uvre des recommandations de la revue des d\u00e9penses dans ledit secteur. Par ailleurs le Mindel\/Minepat\u00a0\u00a0a salu\u00e9 les avanc\u00e9es enregistr\u00e9es dans le secteur. Parmi celles-ci, la rationalisation du portefeuille de projets et programmes au niveau des minist\u00e8res de l\u2019Agriculture et du d\u00e9veloppement rural et de l\u2019\u00e9l\u00e8vage des p\u00eaches et de l\u2019industrie animale, la mise en place d\u2019une plateforme interminist\u00e9rielle sur le d\u00e9senclavement des bassins de production, l\u2019op\u00e9rationnalisation de la politique nationale d\u2019octroi des intrants agricoles dont la phase pilote est en cours, et le transfert des comp\u00e9tences aux CTD. Le Mindel\/Minepat a \u00e9galement salu\u00e9 l\u2019accompagnement apport\u00e9 par l\u2019Union europ\u00e9enne dans la cadre du Contrat des R\u00e9formes Sectorielles.<\/p>\n<p><strong>Lire aussi :<\/strong> <strong><a href=\"https:\/\/ecomatin.net\/snd30-les-premiers-rendez-vous-manques\/\">SND30 : les premiers rendez-vous manqu\u00e9s<\/a><\/strong><\/p>\n<p>Notons que lesdits travaux qui se d\u00e9roulent dans le cadre du Comit\u00e9 National de Suivi-Evaluation de la mise en \u0153uvre de la Strat\u00e9gie Nationale de D\u00e9veloppement 2020-2030 (SND30) mis en place par\u00a0\u00a0le d\u00e9cret du 23 mars 2021 du Premier ministre, Chef du Gouvernement. Ont particip\u00e9 aux travaux les partenaires techniques et financiers ; les secr\u00e9taires g\u00e9n\u00e9raux de minist\u00e8res ; les repr\u00e9sentants des Collectivit\u00e9s Territoriales D\u00e9centralis\u00e9es, les organisations professionnelles agro-pastorales, la soci\u00e9t\u00e9 civile et le secteur priv\u00e9.<\/p>\n<p><strong>Lire aussi :<\/strong> <strong><a href=\"https:\/\/ecomatin.net\/planification-les-hypotheques-qui-menacent-le-succes-de-la-snd30\/\">Planification : les hypoth\u00e8ques qui menacent le succ\u00e8s de la SND30<\/a><\/strong><\/p>\n<p>L\u2019article <a rel=\"nofollow\" href=\"https:\/\/ecomatin.net\/snd30-le-comite-de-suivi-evaluation-adopte-la-strategie-du-secteur-rural-de-lannee-2020\/\">SND30 : le comit\u00e9 de suivi-\u00e9valuation adopte la strat\u00e9gie du secteur rural de l\u2019ann\u00e9e 2020<\/a> est apparu en premier sur <a rel=\"nofollow\" href=\"https:\/\/ecomatin.net\/\">EcoMatin<\/a>.<\/p>\n<\/div>\n<p>Auteur: Amina MALLOUM<br \/>\n<a href=\"https:\/\/ecomatin.net\/snd30-le-comite-de-suivi-evaluation-adopte-la-strategie-du-secteur-rural-de-lannee-2020\/\">Cliquez ici pour lire l&rsquo;article depuis sa source.<\/a><\/p>\n","protected":false},"excerpt":{"rendered":"<p>Le vendredi 17 septembre, le ministre d\u00e9l\u00e9gu\u00e9 aupr\u00e8s du ministre d l\u2019Economie, de la planification et de l\u2019am\u00e9nagement du territoire (Mindel\/Minepat), Paul Tasong, a proc\u00e9d\u00e9 \u00e0 la troisi\u00e8me session de la revue conjointe du secteur rural en vue de l\u2019op\u00e9rationnalisation du Comit\u00e9 National de Suivi-Evaluation de la mise en \u0153uvre de la Strat\u00e9gie nationale de [&hellip;]<\/p>\n","protected":false},"author":1969,"featured_media":0,"comment_status":"closed","ping_status":"closed","sticky":false,"template":"","format":"standard","meta":{"fifu_image_url":"","fifu_image_alt":"","footnotes":""},"categories":[82,78],"tags":[],"class_list":["post-127554","post","type-post","status-publish","format-standard","hentry","category-cameroun","category-economie"],"_links":{"self":[{"href":"https:\/\/linitiative.ca\/International\/wp-json\/wp\/v2\/posts\/127554","targetHints":{"allow":["GET"]}}],"collection":[{"href":"https:\/\/linitiative.ca\/International\/wp-json\/wp\/v2\/posts"}],"about":[{"href":"https:\/\/linitiative.ca\/International\/wp-json\/wp\/v2\/types\/post"}],"author":[{"embeddable":true,"href":"https:\/\/linitiative.ca\/International\/wp-json\/wp\/v2\/users\/1969"}],"replies":[{"embeddable":true,"href":"https:\/\/linitiative.ca\/International\/wp-json\/wp\/v2\/comments?post=127554"}],"version-history":[{"count":0,"href":"https:\/\/linitiative.ca\/International\/wp-json\/wp\/v2\/posts\/127554\/revisions"}],"wp:attachment":[{"href":"https:\/\/linitiative.ca\/International\/wp-json\/wp\/v2\/media?parent=127554"}],"wp:term":[{"taxonomy":"category","embeddable":true,"href":"https:\/\/linitiative.ca\/International\/wp-json\/wp\/v2\/categories?post=127554"},{"taxonomy":"post_tag","embeddable":true,"href":"https:\/\/linitiative.ca\/International\/wp-json\/wp\/v2\/tags?post=127554"}],"curies":[{"name":"wp","href":"https:\/\/api.w.org\/{rel}","templated":true}]}}