{"id":127557,"date":"2021-09-20T09:00:29","date_gmt":"2021-09-20T13:00:29","guid":{"rendered":"https:\/\/linitiative.ca\/International\/luniversite-abdelmalek-essaadi-se-dote-de-nouvelles-filieres-de-formation\/"},"modified":"2021-09-20T09:00:29","modified_gmt":"2021-09-20T13:00:29","slug":"luniversite-abdelmalek-essaadi-se-dote-de-nouvelles-filieres-de-formation","status":"publish","type":"post","link":"https:\/\/linitiative.ca\/International\/luniversite-abdelmalek-essaadi-se-dote-de-nouvelles-filieres-de-formation\/","title":{"rendered":"L\u2019Universit\u00e9 Abdelmalek Essa\u00e2di se dote de nouvelles fili\u00e8res de formation"},"content":{"rendered":"<div>\n<p><img decoding=\"async\" width=\"300\" height=\"153\" src=\"https:\/\/linitiative.ca\/International\/wp-content\/uploads\/sites\/23\/2021\/09\/UniversiteCC81-Abdelmalek-EssaaCC82di-300x153-1.jpg\" class=\"attachment-medium size-medium wp-post-image\" alt=\"\" loading=\"lazy\" srcset=\"\/\/aujourdhui.ma\/wp-content\/uploads\/2021\/09\/Universite\u0301-Abdelmalek-Essaa\u0302di--300x153.jpg 300w, \/\/aujourdhui.ma\/wp-content\/uploads\/2021\/09\/Universite\u0301-Abdelmalek-Essaa\u0302di--274x140.jpg 274w, \/\/aujourdhui.ma\/wp-content\/uploads\/2021\/09\/Universite\u0301-Abdelmalek-Essaa\u0302di-.jpg 746w, \/\/aujourdhui.ma\/wp-content\/uploads\/2021\/09\/Universite\u0301-Abdelmalek-Essaa\u0302di--165x84.jpg 165w, \/\/aujourdhui.ma\/wp-content\/uploads\/2021\/09\/Universite\u0301-Abdelmalek-Essaa\u0302di--702x358.jpg 702w\" sizes=\"auto, (max-width: 300px) 100vw, 300px\"><\/p>\n<p><span style=\"font-size: 20px; color: #800000;\"><strong>Dans le cadre du nouveau syst\u00e8me d\u2019enseignement sup\u00e9rieur bachelor au Maroc<\/strong> <\/span><br \/>\n<span id=\"more-387074\"><\/span><\/p>\n<p><span style=\"color: #ff0000;\">Les dix fili\u00e8res accr\u00e9dit\u00e9es dans le cadre du bachelor sont destin\u00e9es \u00e0 r\u00e9pondre aux besoins sp\u00e9cifiques et bien adapt\u00e9s au march\u00e9 de l\u2019emploi dans la r\u00e9gion.<\/span><\/p>\n<p>L\u2019Universit\u00e9 Abdelmalek Essa\u00e2di (UAE) entame une nouvelle \u00e9tape dans son offre de formation au sein de ses \u00e9tablissements dans les principales villes de la r\u00e9gion du Nord. A cet effet, l\u2019UAE vient d\u2019annoncer \u00e0 l\u2019occasion de la rentr\u00e9e universitaire 2021-2022 la cr\u00e9ation de dix fili\u00e8res dans le cadre du lancement du nouveau syst\u00e8me d\u2019enseignement sup\u00e9rieur bachelor au Maroc. Elle ambitionne ainsi de poursuivre le renforcement de son offre \u00e0 travers l\u2019adoption de ce nouveau syst\u00e8me visant \u00e0 am\u00e9liorer et professionnaliser la formation, favoriser la mobilit\u00e9 \u00e9tudiante et faciliter l\u2019int\u00e9gration rapide des laur\u00e9ats des universit\u00e9s marocaines dans le march\u00e9 du travail. Et ce \u00e0 travers l\u2019acquisition et le d\u00e9veloppement des comp\u00e9tences en soft skills.<\/p>\n<p>Dans ce sens, les dix fili\u00e8res accr\u00e9dit\u00e9es dans le cadre du bachelor sont destin\u00e9es \u00e0 r\u00e9pondre aux besoins sp\u00e9cifiques et bien adapt\u00e9s au march\u00e9 de l\u2019emploi dans la r\u00e9gion. Elles reposent sur une solide formation et sont r\u00e9parties dans les \u00e9tablissements de l\u2019UAE comme suit : \u00abDroit civil et des affaires\u00bb et \u00abRelations et coop\u00e9ration internationale\u00bb \u00e0 la Facult\u00e9 des sciences juridiques, \u00e9conomiques et sociales (FSJES) de Tanger, \u00abLangues \u00e9trang\u00e8res utilis\u00e9es par les organisations\u00bb \u00e0 l\u2019Ecole normale sup\u00e9rieure (ENS) de Martil, et \u00abEtudes espagnoles : communication et gestion culturelle\u00bb \u00e0 la Facult\u00e9 des lettres et sciences humaines (FLSH) de la m\u00eame ville c\u00f4ti\u00e8re, et \u00abDroit des affaires et litiges\u00bb et \u00abDroit et politiques publiques\u00bb \u00e0 la FSJES de T\u00e9touan. L\u2019Universit\u00e9 Abdelmalek Essa\u00e2di propose \u00e9galement dans le cadre du nouveau syst\u00e8me bachelor d\u2019autres nouvelles fili\u00e8res dans trois de ses \u00e9tablissements. Il s\u2019agit de \u00abLogistique et transport\u00bb \u00e0 la Facult\u00e9 polydisciplinaire de Larache, \u00abGestion et s\u00e9curit\u00e9 des r\u00e9seaux des syst\u00e8mes d\u2019information\u00bb \u00e0 la Facult\u00e9 des sciences de T\u00e9touan, et \u00abLangues \u00e9trang\u00e8res utilis\u00e9es par les organisations\u00bb et \u00abDroit et politiques publiques\u00bb \u00e0 la Facult\u00e9 polydisciplinaire de Ksar El K\u00e9bir.<\/p>\n<p>Notons qu\u2019en plus du lancement de nouvelles fili\u00e8res de formation avec l\u2019entr\u00e9e en vigueur du bachelor au d\u00e9but de la saison universitaire 2021-2022, l\u2019UAE- qui repr\u00e9sente 8% des effectifs de l\u2019enseignement sup\u00e9rieur-pr\u00e9voit l\u2019installation de nouvelles infrastructures d\u2019enseignement sup\u00e9rieur dans le Nord, visant \u00e0 faire baisser la pression sur ses \u00e9tablissements et de rapprocher l\u2019universit\u00e9 des \u00e9tudiants sur le territoire r\u00e9gional. Outre l\u2019entr\u00e9e en service au fil de ces quatre derni\u00e8res ann\u00e9es de nouvelles structures universitaires \u00e0 Larache, Al Hoceima puis Ksar El K\u00e9bir, elle sera dot\u00e9e, entre autres, de deux facult\u00e9s polydisciplinaires \u00e0 Chefchaouen et Ouezzane pour une enveloppe budg\u00e9taire globale de 159 millions de dirhams. Fruit de deux conventions de partenariat entre plusieurs d\u00e9partements institutionnels et institutions \u00e9lues, ces projets sont port\u00e9s par l\u2019UAE et le d\u00e9partement de tutelle, qui sont charg\u00e9s tous les deux d\u2019impliquer les autres partenaires dans toutes les phases de la mise en place de ces deux \u00e9tablissements universitaires (les \u00e9tudes, l\u2019\u00e9laboration des cahiers des charges, le lancement et le suivi des appels d\u2019offres, la mise en chantier des deux projets,\u2026).<\/p>\n<\/div>\n<p>Auteur: Najat Fa\u00efssal<br \/>\n<a href=\"https:\/\/aujourdhui.ma\/emploi\/formation\/luniversite-abdelmalek-essaadi-se-dote-de-nouvelles-filieres-de-formation\">Cliquez ici pour lire l&rsquo;article depuis sa source.<\/a><\/p>\n","protected":false},"excerpt":{"rendered":"<p>Dans le cadre du nouveau syst\u00e8me d\u2019enseignement sup\u00e9rieur bachelor au Maroc Les dix fili\u00e8res accr\u00e9dit\u00e9es dans le cadre du bachelor sont destin\u00e9es \u00e0 r\u00e9pondre aux besoins sp\u00e9cifiques et bien adapt\u00e9s au march\u00e9 de l\u2019emploi dans la r\u00e9gion. L\u2019Universit\u00e9 Abdelmalek Essa\u00e2di (UAE) entame une nouvelle \u00e9tape dans son offre de formation au sein de ses \u00e9tablissements [&hellip;]<\/p>\n","protected":false},"author":1759,"featured_media":0,"comment_status":"closed","ping_status":"closed","sticky":false,"template":"","format":"standard","meta":{"fifu_image_url":"https:\/\/aujourdhui.ma\/wp-content\/uploads\/2021\/09\/Universite\u0301-Abdelmalek-Essaa\u0302di--300x153.jpg","fifu_image_alt":"L\u2019Universit\u00e9 Abdelmalek Essa\u00e2di se dote de nouvelles fili\u00e8res de formation","footnotes":""},"categories":[73,54],"tags":[],"class_list":["post-127557","post","type-post","status-publish","format-standard","hentry","category-actualite","category-maroc"],"_links":{"self":[{"href":"https:\/\/linitiative.ca\/International\/wp-json\/wp\/v2\/posts\/127557","targetHints":{"allow":["GET"]}}],"collection":[{"href":"https:\/\/linitiative.ca\/International\/wp-json\/wp\/v2\/posts"}],"about":[{"href":"https:\/\/linitiative.ca\/International\/wp-json\/wp\/v2\/types\/post"}],"author":[{"embeddable":true,"href":"https:\/\/linitiative.ca\/International\/wp-json\/wp\/v2\/users\/1759"}],"replies":[{"embeddable":true,"href":"https:\/\/linitiative.ca\/International\/wp-json\/wp\/v2\/comments?post=127557"}],"version-history":[{"count":0,"href":"https:\/\/linitiative.ca\/International\/wp-json\/wp\/v2\/posts\/127557\/revisions"}],"wp:attachment":[{"href":"https:\/\/linitiative.ca\/International\/wp-json\/wp\/v2\/media?parent=127557"}],"wp:term":[{"taxonomy":"category","embeddable":true,"href":"https:\/\/linitiative.ca\/International\/wp-json\/wp\/v2\/categories?post=127557"},{"taxonomy":"post_tag","embeddable":true,"href":"https:\/\/linitiative.ca\/International\/wp-json\/wp\/v2\/tags?post=127557"}],"curies":[{"name":"wp","href":"https:\/\/api.w.org\/{rel}","templated":true}]}}