{"id":127570,"date":"2021-09-20T08:30:00","date_gmt":"2021-09-20T12:30:00","guid":{"rendered":"https:\/\/linitiative.ca\/International\/arret-du-dispositif-de-recherches-de-lenfant-disparu-a-bechar\/"},"modified":"2021-09-20T08:30:00","modified_gmt":"2021-09-20T12:30:00","slug":"arret-du-dispositif-de-recherches-de-lenfant-disparu-a-bechar","status":"publish","type":"post","link":"https:\/\/linitiative.ca\/International\/arret-du-dispositif-de-recherches-de-lenfant-disparu-a-bechar\/","title":{"rendered":"Arr\u00eat du dispositif de recherches de l&rsquo;enfant disparu \u00e0 Bechar"},"content":{"rendered":"<div>La direction de la protection civile (PC) de Bechar a annonc\u00e9 lundi l\u2019arr\u00eat du dispositif mis en place pour la recherche de l\u2019enfant Ahmed Soheib Houaychi (4 ans), disparu depuis jeudi dans la soir\u00e9e au sud de Bechar&#8230;<\/div>\n<p>Auteur:<br \/>\n<a href=\"https:\/\/www.liberte-algerie.com\/actualite\/arret-du-dispositif-de-recherches-de-lenfant-disparu-a-bechar-365296\">Cliquez ici pour lire l&rsquo;article depuis sa source.<\/a><\/p>\n","protected":false},"excerpt":{"rendered":"<p>La direction de la protection civile (PC) de Bechar a annonc\u00e9 lundi l\u2019arr\u00eat du dispositif mis en place pour la recherche de l\u2019enfant Ahmed Soheib Houaychi (4 ans), disparu depuis jeudi dans la soir\u00e9e au sud de Bechar&#8230; Auteur: Cliquez ici pour lire l&rsquo;article depuis sa source.<\/p>\n","protected":false},"author":1742,"featured_media":0,"comment_status":"closed","ping_status":"closed","sticky":false,"template":"","format":"standard","meta":{"fifu_image_url":"","fifu_image_alt":"","footnotes":""},"categories":[73,53],"tags":[],"class_list":["post-127570","post","type-post","status-publish","format-standard","hentry","category-actualite","category-algerie"],"_links":{"self":[{"href":"https:\/\/linitiative.ca\/International\/wp-json\/wp\/v2\/posts\/127570","targetHints":{"allow":["GET"]}}],"collection":[{"href":"https:\/\/linitiative.ca\/International\/wp-json\/wp\/v2\/posts"}],"about":[{"href":"https:\/\/linitiative.ca\/International\/wp-json\/wp\/v2\/types\/post"}],"author":[{"embeddable":true,"href":"https:\/\/linitiative.ca\/International\/wp-json\/wp\/v2\/users\/1742"}],"replies":[{"embeddable":true,"href":"https:\/\/linitiative.ca\/International\/wp-json\/wp\/v2\/comments?post=127570"}],"version-history":[{"count":0,"href":"https:\/\/linitiative.ca\/International\/wp-json\/wp\/v2\/posts\/127570\/revisions"}],"wp:attachment":[{"href":"https:\/\/linitiative.ca\/International\/wp-json\/wp\/v2\/media?parent=127570"}],"wp:term":[{"taxonomy":"category","embeddable":true,"href":"https:\/\/linitiative.ca\/International\/wp-json\/wp\/v2\/categories?post=127570"},{"taxonomy":"post_tag","embeddable":true,"href":"https:\/\/linitiative.ca\/International\/wp-json\/wp\/v2\/tags?post=127570"}],"curies":[{"name":"wp","href":"https:\/\/api.w.org\/{rel}","templated":true}]}}