{"id":127571,"date":"2021-09-20T09:30:00","date_gmt":"2021-09-20T13:30:00","guid":{"rendered":"https:\/\/linitiative.ca\/International\/report-du-proces-de-brahim-laalami-a-cause-de-son-hospitalisation\/"},"modified":"2021-09-20T09:30:00","modified_gmt":"2021-09-20T13:30:00","slug":"report-du-proces-de-brahim-laalami-a-cause-de-son-hospitalisation","status":"publish","type":"post","link":"https:\/\/linitiative.ca\/International\/report-du-proces-de-brahim-laalami-a-cause-de-son-hospitalisation\/","title":{"rendered":"Report du proc\u00e8s de Brahim Laalami \u00e0 cause de son hospitalisation"},"content":{"rendered":"<div>Les trois proc\u00e8s en appel du militant  et activiste du  Hirak, Chems Eddine La\u00e2lami, dit Brahim, n\u2019ont encore pas eu lieu, hier 20 septembre 2021, au niveau de  la cour de Bordj Bou Arreridj, selon un des avocats du collectif de la d\u00e9fense&#8230;<\/div>\n<p>Auteur:<br \/>\n<a href=\"https:\/\/www.liberte-algerie.com\/actualite\/report-du-proces-de-brahim-laalami-a-cause-de-son-hospitalisation-365298\">Cliquez ici pour lire l&rsquo;article depuis sa source.<\/a><\/p>\n","protected":false},"excerpt":{"rendered":"<p>Les trois proc\u00e8s en appel du militant et activiste du Hirak, Chems Eddine La\u00e2lami, dit Brahim, n\u2019ont encore pas eu lieu, hier 20 septembre 2021, au niveau de la cour de Bordj Bou Arreridj, selon un des avocats du collectif de la d\u00e9fense&#8230; Auteur: Cliquez ici pour lire l&rsquo;article depuis sa source.<\/p>\n","protected":false},"author":1742,"featured_media":0,"comment_status":"closed","ping_status":"closed","sticky":false,"template":"","format":"standard","meta":{"fifu_image_url":"","fifu_image_alt":"","footnotes":""},"categories":[73,53],"tags":[],"class_list":["post-127571","post","type-post","status-publish","format-standard","hentry","category-actualite","category-algerie"],"_links":{"self":[{"href":"https:\/\/linitiative.ca\/International\/wp-json\/wp\/v2\/posts\/127571","targetHints":{"allow":["GET"]}}],"collection":[{"href":"https:\/\/linitiative.ca\/International\/wp-json\/wp\/v2\/posts"}],"about":[{"href":"https:\/\/linitiative.ca\/International\/wp-json\/wp\/v2\/types\/post"}],"author":[{"embeddable":true,"href":"https:\/\/linitiative.ca\/International\/wp-json\/wp\/v2\/users\/1742"}],"replies":[{"embeddable":true,"href":"https:\/\/linitiative.ca\/International\/wp-json\/wp\/v2\/comments?post=127571"}],"version-history":[{"count":0,"href":"https:\/\/linitiative.ca\/International\/wp-json\/wp\/v2\/posts\/127571\/revisions"}],"wp:attachment":[{"href":"https:\/\/linitiative.ca\/International\/wp-json\/wp\/v2\/media?parent=127571"}],"wp:term":[{"taxonomy":"category","embeddable":true,"href":"https:\/\/linitiative.ca\/International\/wp-json\/wp\/v2\/categories?post=127571"},{"taxonomy":"post_tag","embeddable":true,"href":"https:\/\/linitiative.ca\/International\/wp-json\/wp\/v2\/tags?post=127571"}],"curies":[{"name":"wp","href":"https:\/\/api.w.org\/{rel}","templated":true}]}}