{"id":127575,"date":"2021-09-20T09:18:27","date_gmt":"2021-09-20T13:18:27","guid":{"rendered":"https:\/\/linitiative.ca\/International\/forte-impulsion-de-lindh-au-secteur-de-leducation-et-de-la-formation\/"},"modified":"2021-09-20T09:18:27","modified_gmt":"2021-09-20T13:18:27","slug":"forte-impulsion-de-lindh-au-secteur-de-leducation-et-de-la-formation","status":"publish","type":"post","link":"https:\/\/linitiative.ca\/International\/forte-impulsion-de-lindh-au-secteur-de-leducation-et-de-la-formation\/","title":{"rendered":"Forte impulsion de l\u2019INDH au secteur de l\u2019\u00e9ducation et de la formation"},"content":{"rendered":"<div>\n<div style=\"margin-bottom:20px;\"><img loading=\"lazy\" decoding=\"async\" width=\"750\" height=\"430\" src=\"https:\/\/linitiative.ca\/International\/wp-content\/uploads\/sites\/23\/2021\/09\/indh.jpg\" class=\"attachment-post-thumbnail size-post-thumbnail wp-post-image\" alt=\"\" srcset=\"https:\/\/linitiative.ca\/International\/wp-content\/uploads\/sites\/23\/2021\/09\/indh.jpg 750w, http:\/\/www.mapmarrakech.ma\/map\/uploads\/2021\/09\/indh-300x172.jpg 300w\" sizes=\"auto, (max-width: 750px) 100vw, 750px\"><\/div>\n<p>Cette contribution de l\u2019Initiative demeure nettement remarquable comme en t\u00e9moignent ses multiples programmes, \u00e0 la fois, pragmatiques et si ambitieux, en l\u2019occurrence son premier programme portant sur le rattrapage des d\u00e9ficits en infrastructures et services sociaux de base, qui vise l\u2019\u00e9quipement et la mise en place au niveau des douars r\u00e9partis sur l\u2019ensemble du territoire national, de services de base, notamment en mati\u00e8re d\u2019\u00e9ducation et de formation.<\/p>\n<p>Dans une province r\u00e9put\u00e9e par la pr\u00e9dominance des zones rurales et montagneuses, \u00e0 savoir : Al Haouz, l\u2019INDH n\u2019a pas l\u00e9sin\u00e9 sur les moyens pour encourager la r\u00e9ussite scolaire et s\u2019attaquer ainsi, aux principales causes de la d\u00e9perdition scolaire qui accro\u00eet les risques de marginalisation de nombreux jeunes de la r\u00e9gion.<\/p>\n<p>Depuis le lancement de la troisi\u00e8me phase de l\u2019INDH (2019-2023), plusieurs projets ont \u00e9t\u00e9, ainsi, inaugur\u00e9s ou lanc\u00e9s au niveau de cette partie du territoire national, partant de la conviction que l\u2019\u00e9ducation et la formation demeurent, sans nul conteste, les socles de tout d\u00e9veloppement durable escompt\u00e9.<\/p>\n<p>Dans ce sens, le lyc\u00e9e coll\u00e9gial \u00e0 la commune d\u2019Ouka\u00efmden constitue un exemple \u00e9loquent en termes des efforts consentis pour renforcer davantage l\u2019infrastructure \u00e9ducative et l\u2019offre scolaire dans cette zone montagneuse.<\/p>\n<p>R\u00e9alis\u00e9 dans le cadre de l\u2019INDH gr\u00e2ce \u00e0 une enveloppe budg\u00e9taire de 1,7 millions de DH, cet \u00e9tablissement scolaire accueille quelque 350 \u00e9l\u00e8ves issus des diff\u00e9rents douars de cette commune rurale, qui s\u2019\u00e9tale sur une vaste \u00e9tendue de reliefs et de montagnes.<\/p>\n<p>Pour am\u00e9liorer l\u2019acc\u00e8s \u00e0 cet \u00e9tablissement d\u2019enseignement depuis la route provinciale n\u00b0 2030, une route dall\u00e9e a \u00e9t\u00e9 construite pour un co\u00fbt global de 160.000 DH. Financ\u00e9 par l\u2019INDH, ce projet b\u00e9n\u00e9ficie aux \u00e9l\u00e8ves ainsi qu\u2019aux cadres administratifs et p\u00e9dagogiques de l\u2019\u00e9tablissement scolaire qui ont d\u00e9sormais, un acc\u00e8s facile \u00e0 l\u2019\u00e9tablissement.<\/p>\n<p>\u00ab\u00a0L\u2019INDH a largement contribu\u00e9 \u00e0 encourager la scolarisation et \u00e0 lutter contre le d\u00e9crochage scolaire dans cette commune rurale o\u00f9, les enfants ont \u00e9t\u00e9 contraints, par le pass\u00e9, de parcourir plusieurs kilom\u00e8tres et dans des conditions difficiles pour poursuivre leurs \u00e9tudes\u00a0\u00bb, a expliqu\u00e9 Mme Asma El Mounya, directrice du lyc\u00e9e-coll\u00e9gial d\u2019Ouka\u00efmeden, dans une d\u00e9claration \u00e0 M24, la cha\u00eene t\u00e9l\u00e9vis\u00e9e d\u2019information en continu de la MAP.<\/p>\n<p>\u00ab\u00a0Cet \u00e9tablissement scolaire s\u2019efforce \u00e0 lutter contre l\u2019abandon scolaire et \u00e0 promouvoir la scolarisation des enfants, notamment les jeunes filles, en vue de contribuer \u00e0 l\u2019\u00e9radication de l\u2019absence des \u00e9l\u00e8ves \u00e0 cause de l\u2019\u00e9loignement\u00a0\u00bb, a relev\u00e9 Mme El Mounya, ajoutant que les 350 \u00e9l\u00e8ves sont, d\u00e9sormais, capables de poursuivre leurs \u00e9tudes dans les meilleures conditions.<\/p>\n<p>Un \u00e9tat des lieux confirm\u00e9 par quelques \u00e9l\u00e8ves qui habitent \u00e0 proximit\u00e9 de cet \u00e9tablissement et qui n\u2019ont pas h\u00e9sit\u00e9 \u00e0 exprimer leur joie et gratitude aux responsables de ce projet, qu\u2019ils consid\u00e8rent sans nul conteste, comme \u00ab\u00a0un garant\u00a0\u00bb de la p\u00e9rennit\u00e9 de leur parcours scolaire.<\/p>\n<p>Selon les donn\u00e9es de la Division de l\u2019Action Sociale (DAS) relevant de la province d\u2019Al Haouz, quelque 15 projets de d\u00e9veloppement, d\u2019une enveloppe budg\u00e9taire de plus de 6.6 millions de DH ont \u00e9t\u00e9 programm\u00e9s durant la p\u00e9riode 2019-2021 concernant les diff\u00e9rents axes du programme I de la phase III de l\u2019INDH.<\/p>\n<p>Le Programme 1 de la Phase III contribue \u00e0 r\u00e9duire les in\u00e9galit\u00e9s d\u2019ordre social et territorial encore existantes notamment, dans cinq secteurs prioritaires \u00e0 savoir : les secteurs de la sant\u00e9, de l\u2019\u00e9ducation, des pistes et routes, de l\u2019eau potable et de l\u2019\u00e9lectrification rurale.<\/p>\n<p>La mise en \u0153uvre de ce programme, rappelle-t-on, s\u2019op\u00e8re \u00e0 travers la contribution au Programme de r\u00e9duction des disparit\u00e9s territoriales et sociales (PRDTS) ainsi que par des interventions directes pour la r\u00e9alisation d\u2019infrastructures \u00e0 fort impact adapt\u00e9es au contexte local.<\/p>\n<p>The post <a rel=\"nofollow\" href=\"http:\/\/www.mapmarrakech.ma\/fr\/forte-impulsion-de-lindh-au-secteur-de-leducation-et-de-la-formation\/\">Forte impulsion de l\u2019INDH au secteur de l\u2019\u00e9ducation et de la formation<\/a> appeared first on <a rel=\"nofollow\" href=\"http:\/\/www.mapmarrakech.ma\/fr\">MapMarrakech<\/a>.<\/p>\n<\/div>\n<p>Auteur: Meriem IGASS<br \/>\n<a href=\"http:\/\/www.mapmarrakech.ma\/fr\/forte-impulsion-de-lindh-au-secteur-de-leducation-et-de-la-formation\/\">Cliquez ici pour lire l&rsquo;article depuis sa source.<\/a><\/p>\n","protected":false},"excerpt":{"rendered":"<p>Cette contribution de l\u2019Initiative demeure nettement remarquable comme en t\u00e9moignent ses multiples programmes, \u00e0 la fois, pragmatiques et si ambitieux, en l\u2019occurrence son premier programme portant sur le rattrapage des d\u00e9ficits en infrastructures et services sociaux de base, qui vise l\u2019\u00e9quipement et la mise en place au niveau des douars r\u00e9partis sur l\u2019ensemble du territoire [&hellip;]<\/p>\n","protected":false},"author":1788,"featured_media":0,"comment_status":"closed","ping_status":"closed","sticky":false,"template":"","format":"standard","meta":{"fifu_image_url":"http:\/\/www.mapmarrakech.ma\/map\/uploads\/2021\/09\/indh.jpg","fifu_image_alt":"Forte impulsion de l\u2019INDH au secteur de l\u2019\u00e9ducation et de la formation","footnotes":""},"categories":[54,76],"tags":[],"class_list":["post-127575","post","type-post","status-publish","format-standard","hentry","category-maroc","category-regions"],"_links":{"self":[{"href":"https:\/\/linitiative.ca\/International\/wp-json\/wp\/v2\/posts\/127575","targetHints":{"allow":["GET"]}}],"collection":[{"href":"https:\/\/linitiative.ca\/International\/wp-json\/wp\/v2\/posts"}],"about":[{"href":"https:\/\/linitiative.ca\/International\/wp-json\/wp\/v2\/types\/post"}],"author":[{"embeddable":true,"href":"https:\/\/linitiative.ca\/International\/wp-json\/wp\/v2\/users\/1788"}],"replies":[{"embeddable":true,"href":"https:\/\/linitiative.ca\/International\/wp-json\/wp\/v2\/comments?post=127575"}],"version-history":[{"count":0,"href":"https:\/\/linitiative.ca\/International\/wp-json\/wp\/v2\/posts\/127575\/revisions"}],"wp:attachment":[{"href":"https:\/\/linitiative.ca\/International\/wp-json\/wp\/v2\/media?parent=127575"}],"wp:term":[{"taxonomy":"category","embeddable":true,"href":"https:\/\/linitiative.ca\/International\/wp-json\/wp\/v2\/categories?post=127575"},{"taxonomy":"post_tag","embeddable":true,"href":"https:\/\/linitiative.ca\/International\/wp-json\/wp\/v2\/tags?post=127575"}],"curies":[{"name":"wp","href":"https:\/\/api.w.org\/{rel}","templated":true}]}}